{"id":6991,"date":"2025-06-21T15:44:16","date_gmt":"2025-06-21T12:44:16","guid":{"rendered":"https:\/\/chorschule-frechen.de\/ein-sicherer-start-auf-dem-weg-zu-grossen-erfolgen\/"},"modified":"2025-06-21T16:48:27","modified_gmt":"2025-06-21T13:48:27","slug":"ein-sicherer-start-auf-dem-weg-zu-grossen-erfolgen","status":"publish","type":"post","link":"https:\/\/chorschule-frechen.de\/de\/ein-sicherer-start-auf-dem-weg-zu-grossen-erfolgen\/","title":{"rendered":"Ein sicherer Start auf dem Weg zu gro\u00dfen Erfolgen"},"content":{"rendered":"\t\t<div data-elementor-type=\"wp-post\" data-elementor-id=\"6991\" class=\"elementor elementor-6991 elementor-6948\" data-elementor-post-type=\"post\">\n\t\t\t\t<div class=\"elementor-element elementor-element-55143772 e-flex e-con-boxed e-con e-parent\" data-id=\"55143772\" data-element_type=\"container\" data-e-type=\"container\">\n\t\t\t\t\t<div class=\"e-con-inner\">\n\t\t<div class=\"elementor-element elementor-element-22d6160f e-con-full e-flex e-con e-child\" data-id=\"22d6160f\" data-element_type=\"container\" data-e-type=\"container\">\n\t\t<a class=\"elementor-element elementor-element-6faec888 e-con-full wk-image-block e-flex e-con e-child\" data-id=\"6faec888\" data-element_type=\"container\" data-e-type=\"container\" href=\"https:\/\/chorschule-frechen.de\/wp-content\/uploads\/2025\/06\/img_0873.jpg\">\n\t\t\t\t<div class=\"elementor-element elementor-element-5153ede3 wk-image elementor-widget elementor-widget-image\" data-id=\"5153ede3\" data-element_type=\"widget\" data-e-type=\"widget\" data-widget_type=\"image.default\">\n\t\t\t\t<div class=\"elementor-widget-container\">\n\t\t\t\t\t\t\t\t\t\t\t\t\t\t\t<img fetchpriority=\"high\" decoding=\"async\" width=\"800\" height=\"450\" src=\"https:\/\/chorschule-frechen.de\/wp-content\/uploads\/2025\/06\/img_0873-1024x576.jpg\" class=\"attachment-large size-large wp-image-6950\" alt=\"Erstes Schulkonzert 7.06.2025\" srcset=\"https:\/\/chorschule-frechen.de\/wp-content\/uploads\/2025\/06\/img_0873-1024x576.jpg 1024w, https:\/\/chorschule-frechen.de\/wp-content\/uploads\/2025\/06\/img_0873-300x169.jpg 300w, https:\/\/chorschule-frechen.de\/wp-content\/uploads\/2025\/06\/img_0873-768x432.jpg 768w, https:\/\/chorschule-frechen.de\/wp-content\/uploads\/2025\/06\/img_0873.jpg 1026w\" sizes=\"(max-width: 800px) 100vw, 800px\" \/>\t\t\t\t\t\t\t\t\t\t\t\t\t\t\t<\/div>\n\t\t\t\t<\/div>\n\t\t\t\t<div class=\"elementor-element elementor-element-844b1d6 elementor-absolute wk-image-icon elementor-view-default elementor-widget elementor-widget-icon\" data-id=\"844b1d6\" data-element_type=\"widget\" data-e-type=\"widget\" data-settings=\"{&quot;_position&quot;:&quot;absolute&quot;}\" data-widget_type=\"icon.default\">\n\t\t\t\t<div class=\"elementor-widget-container\">\n\t\t\t\t\t\t\t<div class=\"elementor-icon-wrapper\">\n\t\t\t<div class=\"elementor-icon\">\n\t\t\t<svg aria-hidden=\"true\" class=\"e-font-icon-svg e-fas-search\" viewBox=\"0 0 512 512\" xmlns=\"http:\/\/www.w3.org\/2000\/svg\"><path d=\"M505 442.7L405.3 343c-4.5-4.5-10.6-7-17-7H372c27.6-35.3 44-79.7 44-128C416 93.1 322.9 0 208 0S0 93.1 0 208s93.1 208 208 208c48.3 0 92.7-16.4 128-44v16.3c0 6.4 2.5 12.5 7 17l99.7 99.7c9.4 9.4 24.6 9.4 33.9 0l28.3-28.3c9.4-9.4 9.4-24.6.1-34zM208 336c-70.7 0-128-57.2-128-128 0-70.7 57.2-128 128-128 70.7 0 128 57.2 128 128 0 70.7-57.2 128-128 128z\"><\/path><\/svg>\t\t\t<\/div>\n\t\t<\/div>\n\t\t\t\t\t\t<\/div>\n\t\t\t\t<\/div>\n\t\t<div class=\"elementor-element elementor-element-7055f59a e-con-full e-flex e-con e-child\" data-id=\"7055f59a\" data-element_type=\"container\" data-e-type=\"container\" data-settings=\"{&quot;background_background&quot;:&quot;classic&quot;,&quot;position&quot;:&quot;absolute&quot;}\">\n\t\t\t\t<div class=\"elementor-element elementor-element-7c38eb5f wk-line elementor-widget elementor-widget-text-editor\" data-id=\"7c38eb5f\" data-element_type=\"widget\" data-e-type=\"widget\" data-widget_type=\"text-editor.default\">\n\t\t\t\t<div class=\"elementor-widget-container\">\n\t\t\t\t\t\t\t\t\tJuni\t\t\t\t\t\t\t\t<\/div>\n\t\t\t\t<\/div>\n\t\t\t\t<div class=\"elementor-element elementor-element-7943429b wk-line elementor-widget elementor-widget-text-editor\" data-id=\"7943429b\" data-element_type=\"widget\" data-e-type=\"widget\" data-widget_type=\"text-editor.default\">\n\t\t\t\t<div class=\"elementor-widget-container\">\n\t\t\t\t\t\t\t\t\t21\t\t\t\t\t\t\t\t<\/div>\n\t\t\t\t<\/div>\n\t\t\t\t<div class=\"elementor-element elementor-element-382890fa elementor-widget elementor-widget-text-editor\" data-id=\"382890fa\" data-element_type=\"widget\" data-e-type=\"widget\" data-widget_type=\"text-editor.default\">\n\t\t\t\t<div class=\"elementor-widget-container\">\n\t\t\t\t\t\t\t\t\t2025\t\t\t\t\t\t\t\t<\/div>\n\t\t\t\t<\/div>\n\t\t\t\t<\/div>\n\t\t\t\t<\/a>\n\t\t\t\t<\/div>\n\t\t<div class=\"elementor-element elementor-element-72d91d44 e-con-full e-flex e-con e-child\" data-id=\"72d91d44\" data-element_type=\"container\" data-e-type=\"container\">\n\t\t\t\t<div class=\"elementor-element elementor-element-34e5d71c elementor-widget elementor-widget-text-editor\" data-id=\"34e5d71c\" data-element_type=\"widget\" data-e-type=\"widget\" data-widget_type=\"text-editor.default\">\n\t\t\t\t<div class=\"elementor-widget-container\">\n\t\t\t\t\t\t\t\t\t<p>Am 7. Juni 2025 fand ein bedeutendes Ereignis im Leben der Gesangs- und Chorschule von Oksana Dondyk statt \u2013 das erste Konzert, das Sch\u00fcler, Eltern und G\u00e4ste zusammenbrachte.<\/p>\n\t\t\t\t\t\t\t\t<\/div>\n\t\t\t\t<\/div>\n\t\t\t\t<div class=\"elementor-element elementor-element-2c10829e elementor-widget elementor-widget-text-editor\" data-id=\"2c10829e\" data-element_type=\"widget\" data-e-type=\"widget\" data-widget_type=\"text-editor.default\">\n\t\t\t\t<div class=\"elementor-widget-container\">\n\t\t\t\t\t\t\t\t\t<p>Obwohl die Schule erst vor kurzem \u2013 im November 2024 \u2013 ihre Arbeit aufgenommen hat, zeigte das Konzert, wie es in kurzer Zeit gelungen ist, eine inspirierende, lebendige und kreative Atmosph\u00e4re zu schaffen.<br \/>Das Hauptziel des Konzerts war es, zusammenzubringen, zu motivieren, zu inspirieren und kreatives Wachstum zu f\u00f6rdern.<br \/>Der Konzertabend bot Kindern und Erwachsenen die M\u00f6glichkeit, auf die B\u00fchne zu treten, ihre Nervosit\u00e4t zu \u00fcberwinden, Selbstvertrauen zu gewinnen und sich zum ersten Mal wie echte K\u00fcnstler zu f\u00fchlen.<br \/>Die p\u00e4dagogische Philosophie der Schule basiert auf der \u00dcberzeugung, dass jeder Sch\u00fcler ein einzigartiges Potenzial hat, das sich in einer Atmosph\u00e4re des Respekts, der Liebe und der sinnvollen Kreativit\u00e4t entfaltet.<\/p>\n\t\t\t\t\t\t\t\t<\/div>\n\t\t\t\t<\/div>\n\t\t\t\t<\/div>\n\t\t\t\t\t<\/div>\n\t\t\t\t<\/div>\n\t\t<div class=\"elementor-element elementor-element-e7a039c e-flex e-con-boxed e-con e-parent\" data-id=\"e7a039c\" data-element_type=\"container\" data-e-type=\"container\">\n\t\t\t\t\t<div class=\"e-con-inner\">\n\t\t<div class=\"elementor-element elementor-element-7f20ca31 e-con-full e-flex e-con e-child\" data-id=\"7f20ca31\" data-element_type=\"container\" data-e-type=\"container\">\n\t\t\t\t<div class=\"elementor-element elementor-element-24555db6 elementor-widget elementor-widget-text-editor\" data-id=\"24555db6\" data-element_type=\"widget\" data-e-type=\"widget\" data-widget_type=\"text-editor.default\">\n\t\t\t\t<div class=\"elementor-widget-container\">\n\t\t\t\t\t\t\t\t\t<p><strong>Solo-Gesangsauftritte: erste Schritte zu Freiheit und Selbstbewusstsein auf der B\u00fchne<\/strong><br \/>Das Konzertprogramm umfasste Soloauftritte von Sch\u00fclern der Schule. F\u00fcr viele Darsteller war dies der erste Auftritt auf der B\u00fchne, ein wichtiger pers\u00f6nlicher Erfolg und ein emotionales Erlebnis. <br \/>Die Teilnehmer pr\u00e4sentierten Werke aus verschiedenen Epochen, von der Musik der Renaissance bis zur Romantik. Jeder Auftritt wurde vom Publikum mit herzlicher Unterst\u00fctzung begleitet und war ein echtes Beispiel f\u00fcr Kraft, Mut und Liebe zur Musik. <\/p>\n\t\t\t\t\t\t\t\t<\/div>\n\t\t\t\t<\/div>\n\t\t\t\t<div class=\"elementor-element elementor-element-1d59dcf6 elementor-widget elementor-widget-gallery\" data-id=\"1d59dcf6\" data-element_type=\"widget\" data-e-type=\"widget\" data-settings=\"{&quot;image_hover_animation&quot;:&quot;grow&quot;,&quot;gallery_layout&quot;:&quot;justified&quot;,&quot;lazyload&quot;:&quot;yes&quot;,&quot;ideal_row_height&quot;:{&quot;unit&quot;:&quot;px&quot;,&quot;size&quot;:200,&quot;sizes&quot;:[]},&quot;ideal_row_height_tablet&quot;:{&quot;unit&quot;:&quot;px&quot;,&quot;size&quot;:150,&quot;sizes&quot;:[]},&quot;ideal_row_height_mobile&quot;:{&quot;unit&quot;:&quot;px&quot;,&quot;size&quot;:150,&quot;sizes&quot;:[]},&quot;gap&quot;:{&quot;unit&quot;:&quot;px&quot;,&quot;size&quot;:10,&quot;sizes&quot;:[]},&quot;gap_tablet&quot;:{&quot;unit&quot;:&quot;px&quot;,&quot;size&quot;:10,&quot;sizes&quot;:[]},&quot;gap_mobile&quot;:{&quot;unit&quot;:&quot;px&quot;,&quot;size&quot;:10,&quot;sizes&quot;:[]},&quot;link_to&quot;:&quot;file&quot;,&quot;overlay_background&quot;:&quot;yes&quot;,&quot;content_hover_animation&quot;:&quot;fade-in&quot;}\" data-widget_type=\"gallery.default\">\n\t\t\t\t<div class=\"elementor-widget-container\">\n\t\t\t\t\t\t\t<div class=\"elementor-gallery__container\">\n\t\t\t\t\t\t\t<a class=\"e-gallery-item elementor-gallery-item elementor-animated-content\" href=\"https:\/\/chorschule-frechen.de\/wp-content\/uploads\/2025\/06\/img_0886.jpg\" data-elementor-open-lightbox=\"yes\" data-elementor-lightbox-slideshow=\"1d59dcf6\" data-elementor-lightbox-title=\"IMG_0886\" data-elementor-lightbox-description=\"7 \u0447\u0435\u0440\u0432\u043d\u044f 2025 \u0440\u043e\u043a\u0443 \u0432\u0456\u0434\u0431\u0443\u043b\u0430\u0441\u044f \u0437\u043d\u0430\u043a\u043e\u0432\u0430 \u043f\u043e\u0434\u0456\u044f \u0432 \u0436\u0438\u0442\u0442\u0456 \u0412\u043e\u043a\u0430\u043b\u044c\u043d\u043e-\u0445\u043e\u0440\u043e\u0432\u043e\u0457 \u0448\u043a\u043e\u043b\u0438\u2014 \u043f\u0435\u0440\u0448\u0438\u0439 \u0448\u043a\u0456\u043b\u044c\u043d\u0438\u0439 \u043a\u043e\u043d\u0446\u0435\u0440\u0442, \u044f\u043a\u0438\u0439 \u043e\u0431&#039;\u0454\u0434\u043d\u0430\u0432 \u0432\u0438\u043a\u043e\u043d\u0430\u0432\u0446\u0456\u0432 \u0456 \u0433\u043b\u044f\u0434\u0430\u0447\u0456\u0432.\" data-e-action-hash=\"#elementor-action%3Aaction%3Dlightbox%26settings%3DeyJpZCI6Njk3NSwidXJsIjoiaHR0cHM6XC9cL2Nob3JzY2h1bGUtZnJlY2hlbi5kZVwvd3AtY29udGVudFwvdXBsb2Fkc1wvMjAyNVwvMDZcL2ltZ18wODg2LmpwZyIsInNsaWRlc2hvdyI6IjFkNTlkY2Y2In0%3D\">\n\t\t\t\t\t<div class=\"e-gallery-image elementor-gallery-item__image\" data-thumbnail=\"https:\/\/chorschule-frechen.de\/wp-content\/uploads\/2025\/06\/img_0886-300x169.jpg\" data-width=\"300\" data-height=\"169\" aria-label=\"\u041f\u0435\u0440\u0448\u0438\u0439 \u0448\u043a\u0456\u043b\u044c\u043d\u0438\u0439 \u043a\u043e\u043d\u0446\u0435\u0440\u0442 7.06.2025\" role=\"img\" ><\/div>\n\t\t\t\t\t\t\t\t\t\t\t<div class=\"elementor-gallery-item__overlay\"><\/div>\n\t\t\t\t\t\t\t\t\t\t\t\t\t\t<\/a>\n\t\t\t\t\t\t\t<a class=\"e-gallery-item elementor-gallery-item elementor-animated-content\" href=\"https:\/\/chorschule-frechen.de\/wp-content\/uploads\/2025\/06\/img_0885.jpg\" data-elementor-open-lightbox=\"yes\" data-elementor-lightbox-slideshow=\"1d59dcf6\" data-elementor-lightbox-title=\"IMG_0885\" data-elementor-lightbox-description=\"7 \u0447\u0435\u0440\u0432\u043d\u044f 2025 \u0440\u043e\u043a\u0443 \u0432\u0456\u0434\u0431\u0443\u043b\u0430\u0441\u044f \u0437\u043d\u0430\u043a\u043e\u0432\u0430 \u043f\u043e\u0434\u0456\u044f \u0432 \u0436\u0438\u0442\u0442\u0456 \u0412\u043e\u043a\u0430\u043b\u044c\u043d\u043e-\u0445\u043e\u0440\u043e\u0432\u043e\u0457 \u0448\u043a\u043e\u043b\u0438\u2014 \u043f\u0435\u0440\u0448\u0438\u0439 \u0448\u043a\u0456\u043b\u044c\u043d\u0438\u0439 \u043a\u043e\u043d\u0446\u0435\u0440\u0442, \u044f\u043a\u0438\u0439 \u043e\u0431&#039;\u0454\u0434\u043d\u0430\u0432 \u0432\u0438\u043a\u043e\u043d\u0430\u0432\u0446\u0456\u0432 \u0456 \u0433\u043b\u044f\u0434\u0430\u0447\u0456\u0432.\" data-e-action-hash=\"#elementor-action%3Aaction%3Dlightbox%26settings%3DeyJpZCI6Njk3MywidXJsIjoiaHR0cHM6XC9cL2Nob3JzY2h1bGUtZnJlY2hlbi5kZVwvd3AtY29udGVudFwvdXBsb2Fkc1wvMjAyNVwvMDZcL2ltZ18wODg1LmpwZyIsInNsaWRlc2hvdyI6IjFkNTlkY2Y2In0%3D\">\n\t\t\t\t\t<div class=\"e-gallery-image elementor-gallery-item__image\" data-thumbnail=\"https:\/\/chorschule-frechen.de\/wp-content\/uploads\/2025\/06\/img_0885-300x169.jpg\" data-width=\"300\" data-height=\"169\" aria-label=\"\u041f\u0435\u0440\u0448\u0438\u0439 \u0448\u043a\u0456\u043b\u044c\u043d\u0438\u0439 \u043a\u043e\u043d\u0446\u0435\u0440\u0442 7.06.2025\" role=\"img\" ><\/div>\n\t\t\t\t\t\t\t\t\t\t\t<div class=\"elementor-gallery-item__overlay\"><\/div>\n\t\t\t\t\t\t\t\t\t\t\t\t\t\t<\/a>\n\t\t\t\t\t\t\t<a class=\"e-gallery-item elementor-gallery-item elementor-animated-content\" href=\"https:\/\/chorschule-frechen.de\/wp-content\/uploads\/2025\/06\/img_0887.jpg\" data-elementor-open-lightbox=\"yes\" data-elementor-lightbox-slideshow=\"1d59dcf6\" data-elementor-lightbox-title=\"IMG_0887\" data-elementor-lightbox-description=\"7 \u0447\u0435\u0440\u0432\u043d\u044f 2025 \u0440\u043e\u043a\u0443 \u0432\u0456\u0434\u0431\u0443\u043b\u0430\u0441\u044f \u0437\u043d\u0430\u043a\u043e\u0432\u0430 \u043f\u043e\u0434\u0456\u044f \u0432 \u0436\u0438\u0442\u0442\u0456 \u0412\u043e\u043a\u0430\u043b\u044c\u043d\u043e-\u0445\u043e\u0440\u043e\u0432\u043e\u0457 \u0448\u043a\u043e\u043b\u0438\u2014 \u043f\u0435\u0440\u0448\u0438\u0439 \u0448\u043a\u0456\u043b\u044c\u043d\u0438\u0439 \u043a\u043e\u043d\u0446\u0435\u0440\u0442, \u044f\u043a\u0438\u0439 \u043e\u0431&#039;\u0454\u0434\u043d\u0430\u0432 \u0432\u0438\u043a\u043e\u043d\u0430\u0432\u0446\u0456\u0432 \u0456 \u0433\u043b\u044f\u0434\u0430\u0447\u0456\u0432.\" data-e-action-hash=\"#elementor-action%3Aaction%3Dlightbox%26settings%3DeyJpZCI6Njk3NywidXJsIjoiaHR0cHM6XC9cL2Nob3JzY2h1bGUtZnJlY2hlbi5kZVwvd3AtY29udGVudFwvdXBsb2Fkc1wvMjAyNVwvMDZcL2ltZ18wODg3LmpwZyIsInNsaWRlc2hvdyI6IjFkNTlkY2Y2In0%3D\">\n\t\t\t\t\t<div class=\"e-gallery-image elementor-gallery-item__image\" data-thumbnail=\"https:\/\/chorschule-frechen.de\/wp-content\/uploads\/2025\/06\/img_0887-300x169.jpg\" data-width=\"300\" data-height=\"169\" aria-label=\"\u041f\u0435\u0440\u0448\u0438\u0439 \u0448\u043a\u0456\u043b\u044c\u043d\u0438\u0439 \u043a\u043e\u043d\u0446\u0435\u0440\u0442 7.06.2025\" role=\"img\" ><\/div>\n\t\t\t\t\t\t\t\t\t\t\t<div class=\"elementor-gallery-item__overlay\"><\/div>\n\t\t\t\t\t\t\t\t\t\t\t\t\t\t<\/a>\n\t\t\t\t\t\t\t<a class=\"e-gallery-item elementor-gallery-item elementor-animated-content\" href=\"https:\/\/chorschule-frechen.de\/wp-content\/uploads\/2025\/06\/img_0888.jpg\" data-elementor-open-lightbox=\"yes\" data-elementor-lightbox-slideshow=\"1d59dcf6\" data-elementor-lightbox-title=\"IMG_0888\" data-elementor-lightbox-description=\"7 \u0447\u0435\u0440\u0432\u043d\u044f 2025 \u0440\u043e\u043a\u0443 \u0432\u0456\u0434\u0431\u0443\u043b\u0430\u0441\u044f \u0437\u043d\u0430\u043a\u043e\u0432\u0430 \u043f\u043e\u0434\u0456\u044f \u0432 \u0436\u0438\u0442\u0442\u0456 \u0412\u043e\u043a\u0430\u043b\u044c\u043d\u043e-\u0445\u043e\u0440\u043e\u0432\u043e\u0457 \u0448\u043a\u043e\u043b\u0438\u2014 \u043f\u0435\u0440\u0448\u0438\u0439 \u0448\u043a\u0456\u043b\u044c\u043d\u0438\u0439 \u043a\u043e\u043d\u0446\u0435\u0440\u0442, \u044f\u043a\u0438\u0439 \u043e\u0431&#039;\u0454\u0434\u043d\u0430\u0432 \u0432\u0438\u043a\u043e\u043d\u0430\u0432\u0446\u0456\u0432 \u0456 \u0433\u043b\u044f\u0434\u0430\u0447\u0456\u0432.\" data-e-action-hash=\"#elementor-action%3Aaction%3Dlightbox%26settings%3DeyJpZCI6Njk3OSwidXJsIjoiaHR0cHM6XC9cL2Nob3JzY2h1bGUtZnJlY2hlbi5kZVwvd3AtY29udGVudFwvdXBsb2Fkc1wvMjAyNVwvMDZcL2ltZ18wODg4LmpwZyIsInNsaWRlc2hvdyI6IjFkNTlkY2Y2In0%3D\">\n\t\t\t\t\t<div class=\"e-gallery-image elementor-gallery-item__image\" data-thumbnail=\"https:\/\/chorschule-frechen.de\/wp-content\/uploads\/2025\/06\/img_0888-300x169.jpg\" data-width=\"300\" data-height=\"169\" aria-label=\"\u041f\u0435\u0440\u0448\u0438\u0439 \u0448\u043a\u0456\u043b\u044c\u043d\u0438\u0439 \u043a\u043e\u043d\u0446\u0435\u0440\u0442 7.06.2025\" role=\"img\" ><\/div>\n\t\t\t\t\t\t\t\t\t\t\t<div class=\"elementor-gallery-item__overlay\"><\/div>\n\t\t\t\t\t\t\t\t\t\t\t\t\t\t<\/a>\n\t\t\t\t\t<\/div>\n\t\t\t\t\t<\/div>\n\t\t\t\t<\/div>\n\t\t\t\t<div class=\"elementor-element elementor-element-2ecbc460 elementor-widget elementor-widget-text-editor\" data-id=\"2ecbc460\" data-element_type=\"widget\" data-e-type=\"widget\" data-widget_type=\"text-editor.default\">\n\t\t\t\t<div class=\"elementor-widget-container\">\n\t\t\t\t\t\t\t\t\t<p><strong>Das Deb\u00fct des Kinderchors war ein wahres Fest!<\/strong><br \/>Mit Freude und strahlenden Augen betraten die Kinder die B\u00fchne \u2013 in ihren charakteristischen Poloshirts mit dem Logo der Schule, wie ein echtes Team!<\/p>\n<p><strong>M\u00e4rchen auf der B\u00fchne<\/strong><br \/>Der H\u00f6hepunkt des Programms war der Auftritt des Kinderchors, der eine musikalisch-dramatische Miniatur nach Motiven des Autorenm\u00e4rchens \u201eK\u00f6nig Punimo\u201c auff\u00fchrte.<br \/>Es war die erste Theaterauff\u00fchrung auf der Grundlage des Konzepts des Kinderchortheaters, das von der Schule entwickelt wird. Im Rahmen der Auff\u00fchrung sangen die Kinder nicht nur Musikst\u00fccke, sondern bewegten sich auch aktiv, spielten Rollen, interagierten mit Requisiten und dem Raum. <br \/>Die Vorbereitung der Auff\u00fchrung war ein wichtiger Teil des Lernprozesses: Die Kinder lernten, im Ensemble zu singen, mit ihrem K\u00f6rper auf der B\u00fchne zu arbeiten, sich die Abfolge der Handlungen zu merken und ihre Angst vor dem Publikum zu \u00fcberwinden.<br \/>Laut der Gr\u00fcnderin und k\u00fcnstlerischen Leiterin der Schule, Oksana Dondyk, erm\u00f6glicht dieser Ansatz, bei den Kindern nicht nur Gesangsf\u00e4higkeiten zu entwickeln, sondern auch eine ganzheitliche Pers\u00f6nlichkeit, die in der Lage ist, zu f\u00fchlen, zu reflektieren und sich durch Kunst auszudr\u00fccken.<br \/>Trotz der Komplexit\u00e4t der Aufgaben haben alle Teilnehmer die Auff\u00fchrung w\u00fcrdig gemeistert, was bei den Zuschauern echte Begeisterung und verdienten Applaus hervorrief.<\/p>\n<p><strong>Eine herzliche Atmosph\u00e4re und ein voller Saal \u2013 die beste Unterst\u00fctzung<\/strong><br \/>Besonders symboltr\u00e4chtig war, dass der Saal voll war und ein Teil der Zuschauer auf zus\u00e4tzlichen St\u00fchlen Platz nehmen musste. Dies war ein deutlicher Beweis f\u00fcr das Interesse an der Schule und eine gro\u00dfe Unterst\u00fctzung f\u00fcr die Teilnehmer. <br \/>Abschlie\u00dfend stellte Oksana Dondyk die Philosophie, die Zukunftspl\u00e4ne und Projekte vor und betonte, dass das Hauptziel der Schule nicht nur darin bestehe, die stimmlichen F\u00e4higkeiten zu entwickeln, sondern auch das Selbstbewusstsein, den Geschmack und die Liebe zur Kunst durch gemeinsames Schaffen zu f\u00f6rdern.<br \/>Wir danken allen Teilnehmern, Eltern und G\u00e4sten f\u00fcr diesen wirklich herzlichen und inspirierenden Abend. Das erste Konzert war der Beginn einer gro\u00dfen Reise. Vor uns liegen neue Begegnungen, Konzerte, Auff\u00fchrungen, Chorreisen und nat\u00fcrlich viele gl\u00fcckliche Momente, die wir mit Ihnen teilen werden!  <\/p>\n\t\t\t\t\t\t\t\t<\/div>\n\t\t\t\t<\/div>\n\t\t\t\t<div class=\"elementor-element elementor-element-4cdf92de elementor-widget elementor-widget-gallery\" data-id=\"4cdf92de\" data-element_type=\"widget\" data-e-type=\"widget\" data-settings=\"{&quot;image_hover_animation&quot;:&quot;grow&quot;,&quot;gallery_layout&quot;:&quot;justified&quot;,&quot;lazyload&quot;:&quot;yes&quot;,&quot;ideal_row_height&quot;:{&quot;unit&quot;:&quot;px&quot;,&quot;size&quot;:200,&quot;sizes&quot;:[]},&quot;ideal_row_height_tablet&quot;:{&quot;unit&quot;:&quot;px&quot;,&quot;size&quot;:150,&quot;sizes&quot;:[]},&quot;ideal_row_height_mobile&quot;:{&quot;unit&quot;:&quot;px&quot;,&quot;size&quot;:150,&quot;sizes&quot;:[]},&quot;gap&quot;:{&quot;unit&quot;:&quot;px&quot;,&quot;size&quot;:10,&quot;sizes&quot;:[]},&quot;gap_tablet&quot;:{&quot;unit&quot;:&quot;px&quot;,&quot;size&quot;:10,&quot;sizes&quot;:[]},&quot;gap_mobile&quot;:{&quot;unit&quot;:&quot;px&quot;,&quot;size&quot;:10,&quot;sizes&quot;:[]},&quot;link_to&quot;:&quot;file&quot;,&quot;overlay_background&quot;:&quot;yes&quot;,&quot;content_hover_animation&quot;:&quot;fade-in&quot;}\" data-widget_type=\"gallery.default\">\n\t\t\t\t<div class=\"elementor-widget-container\">\n\t\t\t\t\t\t\t<div class=\"elementor-gallery__container\">\n\t\t\t\t\t\t\t<a class=\"e-gallery-item elementor-gallery-item elementor-animated-content\" href=\"https:\/\/chorschule-frechen.de\/wp-content\/uploads\/2025\/06\/img_0890.jpg\" data-elementor-open-lightbox=\"yes\" data-elementor-lightbox-slideshow=\"4cdf92de\" data-elementor-lightbox-title=\"IMG_0890\" data-elementor-lightbox-description=\"7 \u0447\u0435\u0440\u0432\u043d\u044f 2025 \u0440\u043e\u043a\u0443 \u0432\u0456\u0434\u0431\u0443\u043b\u0430\u0441\u044f \u0437\u043d\u0430\u043a\u043e\u0432\u0430 \u043f\u043e\u0434\u0456\u044f \u0432 \u0436\u0438\u0442\u0442\u0456 \u0412\u043e\u043a\u0430\u043b\u044c\u043d\u043e-\u0445\u043e\u0440\u043e\u0432\u043e\u0457 \u0448\u043a\u043e\u043b\u0438\u2014 \u043f\u0435\u0440\u0448\u0438\u0439 \u0448\u043a\u0456\u043b\u044c\u043d\u0438\u0439 \u043a\u043e\u043d\u0446\u0435\u0440\u0442, \u044f\u043a\u0438\u0439 \u043e\u0431&#039;\u0454\u0434\u043d\u0430\u0432 \u0432\u0438\u043a\u043e\u043d\u0430\u0432\u0446\u0456\u0432 \u0456 \u0433\u043b\u044f\u0434\u0430\u0447\u0456\u0432.\" data-e-action-hash=\"#elementor-action%3Aaction%3Dlightbox%26settings%3DeyJpZCI6Njk3MSwidXJsIjoiaHR0cHM6XC9cL2Nob3JzY2h1bGUtZnJlY2hlbi5kZVwvd3AtY29udGVudFwvdXBsb2Fkc1wvMjAyNVwvMDZcL2ltZ18wODkwLmpwZyIsInNsaWRlc2hvdyI6IjRjZGY5MmRlIn0%3D\">\n\t\t\t\t\t<div class=\"e-gallery-image elementor-gallery-item__image\" data-thumbnail=\"https:\/\/chorschule-frechen.de\/wp-content\/uploads\/2025\/06\/img_0890-300x169.jpg\" data-width=\"300\" data-height=\"169\" aria-label=\"\u041f\u0435\u0440\u0448\u0438\u0439 \u0448\u043a\u0456\u043b\u044c\u043d\u0438\u0439 \u043a\u043e\u043d\u0446\u0435\u0440\u0442 7.06.2025\" role=\"img\" ><\/div>\n\t\t\t\t\t\t\t\t\t\t\t<div class=\"elementor-gallery-item__overlay\"><\/div>\n\t\t\t\t\t\t\t\t\t\t\t\t\t\t<\/a>\n\t\t\t\t\t\t\t<a class=\"e-gallery-item elementor-gallery-item elementor-animated-content\" href=\"https:\/\/chorschule-frechen.de\/wp-content\/uploads\/2025\/06\/img_0884.jpg\" data-elementor-open-lightbox=\"yes\" data-elementor-lightbox-slideshow=\"4cdf92de\" data-elementor-lightbox-title=\"IMG_0884\" data-elementor-lightbox-description=\"7 \u0447\u0435\u0440\u0432\u043d\u044f 2025 \u0440\u043e\u043a\u0443 \u0432\u0456\u0434\u0431\u0443\u043b\u0430\u0441\u044f \u0437\u043d\u0430\u043a\u043e\u0432\u0430 \u043f\u043e\u0434\u0456\u044f \u0432 \u0436\u0438\u0442\u0442\u0456 \u0412\u043e\u043a\u0430\u043b\u044c\u043d\u043e-\u0445\u043e\u0440\u043e\u0432\u043e\u0457 \u0448\u043a\u043e\u043b\u0438\u2014 \u043f\u0435\u0440\u0448\u0438\u0439 \u0448\u043a\u0456\u043b\u044c\u043d\u0438\u0439 \u043a\u043e\u043d\u0446\u0435\u0440\u0442, \u044f\u043a\u0438\u0439 \u043e\u0431&#039;\u0454\u0434\u043d\u0430\u0432 \u0432\u0438\u043a\u043e\u043d\u0430\u0432\u0446\u0456\u0432 \u0456 \u0433\u043b\u044f\u0434\u0430\u0447\u0456\u0432.\" data-e-action-hash=\"#elementor-action%3Aaction%3Dlightbox%26settings%3DeyJpZCI6Njk2OSwidXJsIjoiaHR0cHM6XC9cL2Nob3JzY2h1bGUtZnJlY2hlbi5kZVwvd3AtY29udGVudFwvdXBsb2Fkc1wvMjAyNVwvMDZcL2ltZ18wODg0LmpwZyIsInNsaWRlc2hvdyI6IjRjZGY5MmRlIn0%3D\">\n\t\t\t\t\t<div class=\"e-gallery-image elementor-gallery-item__image\" data-thumbnail=\"https:\/\/chorschule-frechen.de\/wp-content\/uploads\/2025\/06\/img_0884-300x169.jpg\" data-width=\"300\" data-height=\"169\" aria-label=\"\u041f\u0435\u0440\u0448\u0438\u0439 \u0448\u043a\u0456\u043b\u044c\u043d\u0438\u0439 \u043a\u043e\u043d\u0446\u0435\u0440\u0442 7.06.2025\" role=\"img\" ><\/div>\n\t\t\t\t\t\t\t\t\t\t\t<div class=\"elementor-gallery-item__overlay\"><\/div>\n\t\t\t\t\t\t\t\t\t\t\t\t\t\t<\/a>\n\t\t\t\t\t\t\t<a class=\"e-gallery-item elementor-gallery-item elementor-animated-content\" href=\"https:\/\/chorschule-frechen.de\/wp-content\/uploads\/2025\/06\/img_0880.jpg\" data-elementor-open-lightbox=\"yes\" data-elementor-lightbox-slideshow=\"4cdf92de\" data-elementor-lightbox-title=\"IMG_0880\" data-elementor-lightbox-description=\"7 \u0447\u0435\u0440\u0432\u043d\u044f 2025 \u0440\u043e\u043a\u0443 \u0432\u0456\u0434\u0431\u0443\u043b\u0430\u0441\u044f \u0437\u043d\u0430\u043a\u043e\u0432\u0430 \u043f\u043e\u0434\u0456\u044f \u0432 \u0436\u0438\u0442\u0442\u0456 \u0412\u043e\u043a\u0430\u043b\u044c\u043d\u043e-\u0445\u043e\u0440\u043e\u0432\u043e\u0457 \u0448\u043a\u043e\u043b\u0438\u2014 \u043f\u0435\u0440\u0448\u0438\u0439 \u0448\u043a\u0456\u043b\u044c\u043d\u0438\u0439 \u043a\u043e\u043d\u0446\u0435\u0440\u0442, \u044f\u043a\u0438\u0439 \u043e\u0431&#039;\u0454\u0434\u043d\u0430\u0432 \u0432\u0438\u043a\u043e\u043d\u0430\u0432\u0446\u0456\u0432 \u0456 \u0433\u043b\u044f\u0434\u0430\u0447\u0456\u0432.\" data-e-action-hash=\"#elementor-action%3Aaction%3Dlightbox%26settings%3DeyJpZCI6Njk2MSwidXJsIjoiaHR0cHM6XC9cL2Nob3JzY2h1bGUtZnJlY2hlbi5kZVwvd3AtY29udGVudFwvdXBsb2Fkc1wvMjAyNVwvMDZcL2ltZ18wODgwLmpwZyIsInNsaWRlc2hvdyI6IjRjZGY5MmRlIn0%3D\">\n\t\t\t\t\t<div class=\"e-gallery-image elementor-gallery-item__image\" data-thumbnail=\"https:\/\/chorschule-frechen.de\/wp-content\/uploads\/2025\/06\/img_0880-300x169.jpg\" data-width=\"300\" data-height=\"169\" aria-label=\"\u041f\u0435\u0440\u0448\u0438\u0439 \u0448\u043a\u0456\u043b\u044c\u043d\u0438\u0439 \u043a\u043e\u043d\u0446\u0435\u0440\u0442 7.06.2025\" role=\"img\" ><\/div>\n\t\t\t\t\t\t\t\t\t\t\t<div class=\"elementor-gallery-item__overlay\"><\/div>\n\t\t\t\t\t\t\t\t\t\t\t\t\t\t<\/a>\n\t\t\t\t\t\t\t<a class=\"e-gallery-item elementor-gallery-item elementor-animated-content\" href=\"https:\/\/chorschule-frechen.de\/wp-content\/uploads\/2025\/06\/img_0874.jpg\" data-elementor-open-lightbox=\"yes\" data-elementor-lightbox-slideshow=\"4cdf92de\" data-elementor-lightbox-title=\"IMG_0874\" data-elementor-lightbox-description=\"7 \u0447\u0435\u0440\u0432\u043d\u044f 2025 \u0440\u043e\u043a\u0443 \u0432\u0456\u0434\u0431\u0443\u043b\u0430\u0441\u044f \u0437\u043d\u0430\u043a\u043e\u0432\u0430 \u043f\u043e\u0434\u0456\u044f \u0432 \u0436\u0438\u0442\u0442\u0456 \u0412\u043e\u043a\u0430\u043b\u044c\u043d\u043e-\u0445\u043e\u0440\u043e\u0432\u043e\u0457 \u0448\u043a\u043e\u043b\u0438\u2014 \u043f\u0435\u0440\u0448\u0438\u0439 \u0448\u043a\u0456\u043b\u044c\u043d\u0438\u0439 \u043a\u043e\u043d\u0446\u0435\u0440\u0442, \u044f\u043a\u0438\u0439 \u043e\u0431&#039;\u0454\u0434\u043d\u0430\u0432 \u0432\u0438\u043a\u043e\u043d\u0430\u0432\u0446\u0456\u0432 \u0456 \u0433\u043b\u044f\u0434\u0430\u0447\u0456\u0432.\" data-e-action-hash=\"#elementor-action%3Aaction%3Dlightbox%26settings%3DeyJpZCI6Njk1MywidXJsIjoiaHR0cHM6XC9cL2Nob3JzY2h1bGUtZnJlY2hlbi5kZVwvd3AtY29udGVudFwvdXBsb2Fkc1wvMjAyNVwvMDZcL2ltZ18wODc0LmpwZyIsInNsaWRlc2hvdyI6IjRjZGY5MmRlIn0%3D\">\n\t\t\t\t\t<div class=\"e-gallery-image elementor-gallery-item__image\" data-thumbnail=\"https:\/\/chorschule-frechen.de\/wp-content\/uploads\/2025\/06\/img_0874-300x169.jpg\" data-width=\"300\" data-height=\"169\" aria-label=\"\u041f\u0435\u0440\u0448\u0438\u0439 \u0448\u043a\u0456\u043b\u044c\u043d\u0438\u0439 \u043a\u043e\u043d\u0446\u0435\u0440\u0442 7.06.2025\" role=\"img\" ><\/div>\n\t\t\t\t\t\t\t\t\t\t\t<div class=\"elementor-gallery-item__overlay\"><\/div>\n\t\t\t\t\t\t\t\t\t\t\t\t\t\t<\/a>\n\t\t\t\t\t\t\t<a class=\"e-gallery-item elementor-gallery-item elementor-animated-content\" href=\"https:\/\/chorschule-frechen.de\/wp-content\/uploads\/2025\/06\/img_0875.jpg\" data-elementor-open-lightbox=\"yes\" data-elementor-lightbox-slideshow=\"4cdf92de\" data-elementor-lightbox-title=\"IMG_0875\" data-elementor-lightbox-description=\"7 \u0447\u0435\u0440\u0432\u043d\u044f 2025 \u0440\u043e\u043a\u0443 \u0432\u0456\u0434\u0431\u0443\u043b\u0430\u0441\u044f \u0437\u043d\u0430\u043a\u043e\u0432\u0430 \u043f\u043e\u0434\u0456\u044f \u0432 \u0436\u0438\u0442\u0442\u0456 \u0412\u043e\u043a\u0430\u043b\u044c\u043d\u043e-\u0445\u043e\u0440\u043e\u0432\u043e\u0457 \u0448\u043a\u043e\u043b\u0438\u2014 \u043f\u0435\u0440\u0448\u0438\u0439 \u0448\u043a\u0456\u043b\u044c\u043d\u0438\u0439 \u043a\u043e\u043d\u0446\u0435\u0440\u0442, \u044f\u043a\u0438\u0439 \u043e\u0431&#039;\u0454\u0434\u043d\u0430\u0432 \u0432\u0438\u043a\u043e\u043d\u0430\u0432\u0446\u0456\u0432 \u0456 \u0433\u043b\u044f\u0434\u0430\u0447\u0456\u0432.\" data-e-action-hash=\"#elementor-action%3Aaction%3Dlightbox%26settings%3DeyJpZCI6Njk1NSwidXJsIjoiaHR0cHM6XC9cL2Nob3JzY2h1bGUtZnJlY2hlbi5kZVwvd3AtY29udGVudFwvdXBsb2Fkc1wvMjAyNVwvMDZcL2ltZ18wODc1LmpwZyIsInNsaWRlc2hvdyI6IjRjZGY5MmRlIn0%3D\">\n\t\t\t\t\t<div class=\"e-gallery-image elementor-gallery-item__image\" data-thumbnail=\"https:\/\/chorschule-frechen.de\/wp-content\/uploads\/2025\/06\/img_0875-300x169.jpg\" data-width=\"300\" data-height=\"169\" aria-label=\"\u041f\u0435\u0440\u0448\u0438\u0439 \u0448\u043a\u0456\u043b\u044c\u043d\u0438\u0439 \u043a\u043e\u043d\u0446\u0435\u0440\u0442 7.06.2025\" role=\"img\" ><\/div>\n\t\t\t\t\t\t\t\t\t\t\t<div class=\"elementor-gallery-item__overlay\"><\/div>\n\t\t\t\t\t\t\t\t\t\t\t\t\t\t<\/a>\n\t\t\t\t\t\t\t<a class=\"e-gallery-item elementor-gallery-item elementor-animated-content\" href=\"https:\/\/chorschule-frechen.de\/wp-content\/uploads\/2025\/06\/img_0876.jpg\" data-elementor-open-lightbox=\"yes\" data-elementor-lightbox-slideshow=\"4cdf92de\" data-elementor-lightbox-title=\"IMG_0876\" data-elementor-lightbox-description=\"7 \u0447\u0435\u0440\u0432\u043d\u044f 2025 \u0440\u043e\u043a\u0443 \u0432\u0456\u0434\u0431\u0443\u043b\u0430\u0441\u044f \u0437\u043d\u0430\u043a\u043e\u0432\u0430 \u043f\u043e\u0434\u0456\u044f \u0432 \u0436\u0438\u0442\u0442\u0456 \u0412\u043e\u043a\u0430\u043b\u044c\u043d\u043e-\u0445\u043e\u0440\u043e\u0432\u043e\u0457 \u0448\u043a\u043e\u043b\u0438\u2014 \u043f\u0435\u0440\u0448\u0438\u0439 \u0448\u043a\u0456\u043b\u044c\u043d\u0438\u0439 \u043a\u043e\u043d\u0446\u0435\u0440\u0442, \u044f\u043a\u0438\u0439 \u043e\u0431&#039;\u0454\u0434\u043d\u0430\u0432 \u0432\u0438\u043a\u043e\u043d\u0430\u0432\u0446\u0456\u0432 \u0456 \u0433\u043b\u044f\u0434\u0430\u0447\u0456\u0432.\" data-e-action-hash=\"#elementor-action%3Aaction%3Dlightbox%26settings%3DeyJpZCI6Njk1NywidXJsIjoiaHR0cHM6XC9cL2Nob3JzY2h1bGUtZnJlY2hlbi5kZVwvd3AtY29udGVudFwvdXBsb2Fkc1wvMjAyNVwvMDZcL2ltZ18wODc2LmpwZyIsInNsaWRlc2hvdyI6IjRjZGY5MmRlIn0%3D\">\n\t\t\t\t\t<div class=\"e-gallery-image elementor-gallery-item__image\" data-thumbnail=\"https:\/\/chorschule-frechen.de\/wp-content\/uploads\/2025\/06\/img_0876-300x169.jpg\" data-width=\"300\" data-height=\"169\" aria-label=\"\u041f\u0435\u0440\u0448\u0438\u0439 \u0448\u043a\u0456\u043b\u044c\u043d\u0438\u0439 \u043a\u043e\u043d\u0446\u0435\u0440\u0442 7.06.2025\" role=\"img\" ><\/div>\n\t\t\t\t\t\t\t\t\t\t\t<div class=\"elementor-gallery-item__overlay\"><\/div>\n\t\t\t\t\t\t\t\t\t\t\t\t\t\t<\/a>\n\t\t\t\t\t\t\t<a class=\"e-gallery-item elementor-gallery-item elementor-animated-content\" href=\"https:\/\/chorschule-frechen.de\/wp-content\/uploads\/2025\/06\/img_0877.jpg\" data-elementor-open-lightbox=\"yes\" data-elementor-lightbox-slideshow=\"4cdf92de\" data-elementor-lightbox-title=\"IMG_0877\" data-elementor-lightbox-description=\"7 \u0447\u0435\u0440\u0432\u043d\u044f 2025 \u0440\u043e\u043a\u0443 \u0432\u0456\u0434\u0431\u0443\u043b\u0430\u0441\u044f \u0437\u043d\u0430\u043a\u043e\u0432\u0430 \u043f\u043e\u0434\u0456\u044f \u0432 \u0436\u0438\u0442\u0442\u0456 \u0412\u043e\u043a\u0430\u043b\u044c\u043d\u043e-\u0445\u043e\u0440\u043e\u0432\u043e\u0457 \u0448\u043a\u043e\u043b\u0438\u2014 \u043f\u0435\u0440\u0448\u0438\u0439 \u0448\u043a\u0456\u043b\u044c\u043d\u0438\u0439 \u043a\u043e\u043d\u0446\u0435\u0440\u0442, \u044f\u043a\u0438\u0439 \u043e\u0431&#039;\u0454\u0434\u043d\u0430\u0432 \u0432\u0438\u043a\u043e\u043d\u0430\u0432\u0446\u0456\u0432 \u0456 \u0433\u043b\u044f\u0434\u0430\u0447\u0456\u0432.\" data-e-action-hash=\"#elementor-action%3Aaction%3Dlightbox%26settings%3DeyJpZCI6Njk1OSwidXJsIjoiaHR0cHM6XC9cL2Nob3JzY2h1bGUtZnJlY2hlbi5kZVwvd3AtY29udGVudFwvdXBsb2Fkc1wvMjAyNVwvMDZcL2ltZ18wODc3LmpwZyIsInNsaWRlc2hvdyI6IjRjZGY5MmRlIn0%3D\">\n\t\t\t\t\t<div class=\"e-gallery-image elementor-gallery-item__image\" data-thumbnail=\"https:\/\/chorschule-frechen.de\/wp-content\/uploads\/2025\/06\/img_0877-300x169.jpg\" data-width=\"300\" data-height=\"169\" aria-label=\"\u041f\u0435\u0440\u0448\u0438\u0439 \u0448\u043a\u0456\u043b\u044c\u043d\u0438\u0439 \u043a\u043e\u043d\u0446\u0435\u0440\u0442 7.06.2025\" role=\"img\" ><\/div>\n\t\t\t\t\t\t\t\t\t\t\t<div class=\"elementor-gallery-item__overlay\"><\/div>\n\t\t\t\t\t\t\t\t\t\t\t\t\t\t<\/a>\n\t\t\t\t\t\t\t<a class=\"e-gallery-item elementor-gallery-item elementor-animated-content\" href=\"https:\/\/chorschule-frechen.de\/wp-content\/uploads\/2025\/06\/img_0889.jpg\" data-elementor-open-lightbox=\"yes\" data-elementor-lightbox-slideshow=\"4cdf92de\" data-elementor-lightbox-title=\"IMG_0889\" data-elementor-lightbox-description=\"7 \u0447\u0435\u0440\u0432\u043d\u044f 2025 \u0440\u043e\u043a\u0443 \u0432\u0456\u0434\u0431\u0443\u043b\u0430\u0441\u044f \u0437\u043d\u0430\u043a\u043e\u0432\u0430 \u043f\u043e\u0434\u0456\u044f \u0432 \u0436\u0438\u0442\u0442\u0456 \u0412\u043e\u043a\u0430\u043b\u044c\u043d\u043e-\u0445\u043e\u0440\u043e\u0432\u043e\u0457 \u0448\u043a\u043e\u043b\u0438\u2014 \u043f\u0435\u0440\u0448\u0438\u0439 \u0448\u043a\u0456\u043b\u044c\u043d\u0438\u0439 \u043a\u043e\u043d\u0446\u0435\u0440\u0442, \u044f\u043a\u0438\u0439 \u043e\u0431&#039;\u0454\u0434\u043d\u0430\u0432 \u0432\u0438\u043a\u043e\u043d\u0430\u0432\u0446\u0456\u0432 \u0456 \u0433\u043b\u044f\u0434\u0430\u0447\u0456\u0432.\" data-e-action-hash=\"#elementor-action%3Aaction%3Dlightbox%26settings%3DeyJpZCI6Njk4MSwidXJsIjoiaHR0cHM6XC9cL2Nob3JzY2h1bGUtZnJlY2hlbi5kZVwvd3AtY29udGVudFwvdXBsb2Fkc1wvMjAyNVwvMDZcL2ltZ18wODg5LmpwZyIsInNsaWRlc2hvdyI6IjRjZGY5MmRlIn0%3D\">\n\t\t\t\t\t<div class=\"e-gallery-image elementor-gallery-item__image\" data-thumbnail=\"https:\/\/chorschule-frechen.de\/wp-content\/uploads\/2025\/06\/img_0889-300x169.jpg\" data-width=\"300\" data-height=\"169\" aria-label=\"\u041f\u0435\u0440\u0448\u0438\u0439 \u0448\u043a\u0456\u043b\u044c\u043d\u0438\u0439 \u043a\u043e\u043d\u0446\u0435\u0440\u0442 7.06.2025\" role=\"img\" ><\/div>\n\t\t\t\t\t\t\t\t\t\t\t<div class=\"elementor-gallery-item__overlay\"><\/div>\n\t\t\t\t\t\t\t\t\t\t\t\t\t\t<\/a>\n\t\t\t\t\t<\/div>\n\t\t\t\t\t<\/div>\n\t\t\t\t<\/div>\n\t\t\t\t<\/div>\n\t\t\t\t\t<\/div>\n\t\t\t\t<\/div>\n\t\t\t\t<\/div>\n\t\t","protected":false},"excerpt":{"rendered":"<p>Am 7. Juni 2025 fand ein bedeutendes Ereignis im Leben der Gesangs- und Chorschule von Oksana Dondyk statt \u2013 das erste Konzert, das Sch\u00fcler, Eltern und G\u00e4ste zusammenbrachte.<\/p>\n","protected":false},"author":1,"featured_media":6950,"comment_status":"closed","ping_status":"closed","sticky":false,"template":"","format":"standard","meta":{"footnotes":""},"categories":[8],"tags":[],"class_list":["post-6991","post","type-post","status-publish","format-standard","has-post-thumbnail","hentry","category-neuigkeiten"],"yoast_head":"<!-- This site is optimized with the Yoast SEO plugin v27.5 - https:\/\/yoast.com\/product\/yoast-seo-wordpress\/ -->\n<title>Ein sicherer Start auf dem Weg zu gro\u00dfen Erfolgen - \u0412\u043e\u043a\u0430\u043b\u044c\u043d\u043e-\u0445\u043e\u0440\u043e\u0432\u0430 \u0448\u043a\u043e\u043b\u0430 \u041e\u043a\u0441\u0430\u043d\u0438 \u0414\u043e\u043d\u0434\u0438\u043a<\/title>\n<meta name=\"description\" content=\"Am 7. Juni 2025 fand ein bedeutendes Ereignis im Leben der Gesangs- und Chorschule statt \u2013 das erste Schulkonzert, das Interpreten und Zuschauer zusammenbrachte.\" \/>\n<meta name=\"robots\" content=\"index, follow, max-snippet:-1, max-image-preview:large, max-video-preview:-1\" \/>\n<link rel=\"canonical\" href=\"https:\/\/chorschule-frechen.de\/de\/ein-sicherer-start-auf-dem-weg-zu-grossen-erfolgen\/\" \/>\n<meta property=\"og:locale\" content=\"de_DE\" \/>\n<meta property=\"og:type\" content=\"article\" \/>\n<meta property=\"og:title\" content=\"Ein sicherer Start auf dem Weg zu gro\u00dfen Erfolgen - \u0412\u043e\u043a\u0430\u043b\u044c\u043d\u043e-\u0445\u043e\u0440\u043e\u0432\u0430 \u0448\u043a\u043e\u043b\u0430 \u041e\u043a\u0441\u0430\u043d\u0438 \u0414\u043e\u043d\u0434\u0438\u043a\" \/>\n<meta property=\"og:description\" content=\"Am 7. Juni 2025 fand ein bedeutendes Ereignis im Leben der Gesangs- und Chorschule statt \u2013 das erste Schulkonzert, das Interpreten und Zuschauer zusammenbrachte.\" \/>\n<meta property=\"og:url\" content=\"https:\/\/chorschule-frechen.de\/de\/ein-sicherer-start-auf-dem-weg-zu-grossen-erfolgen\/\" \/>\n<meta property=\"og:site_name\" content=\"\u0412\u043e\u043a\u0430\u043b\u044c\u043d\u043e-\u0445\u043e\u0440\u043e\u0432\u0430 \u0448\u043a\u043e\u043b\u0430 \u041e\u043a\u0441\u0430\u043d\u0438 \u0414\u043e\u043d\u0434\u0438\u043a\" \/>\n<meta property=\"article:published_time\" content=\"2025-06-21T12:44:16+00:00\" \/>\n<meta property=\"article:modified_time\" content=\"2025-06-21T13:48:27+00:00\" \/>\n<meta property=\"og:image\" content=\"https:\/\/chorschule-frechen.de\/wp-content\/uploads\/2025\/06\/img_0873.jpg\" \/>\n\t<meta property=\"og:image:width\" content=\"1026\" \/>\n\t<meta property=\"og:image:height\" content=\"577\" \/>\n\t<meta property=\"og:image:type\" content=\"image\/jpeg\" \/>\n<meta name=\"author\" content=\"chorschule\" \/>\n<meta name=\"twitter:card\" content=\"summary_large_image\" \/>\n<meta name=\"twitter:label1\" content=\"Verfasst von\" \/>\n\t<meta name=\"twitter:data1\" content=\"chorschule\" \/>\n\t<meta name=\"twitter:label2\" content=\"Gesch\u00e4tzte Lesezeit\" \/>\n\t<meta name=\"twitter:data2\" content=\"3\u00a0Minuten\" \/>\n<script type=\"application\/ld+json\" class=\"yoast-schema-graph\">{\"@context\":\"https:\\\/\\\/schema.org\",\"@graph\":[{\"@type\":\"Article\",\"@id\":\"https:\\\/\\\/chorschule-frechen.de\\\/de\\\/ein-sicherer-start-auf-dem-weg-zu-grossen-erfolgen\\\/#article\",\"isPartOf\":{\"@id\":\"https:\\\/\\\/chorschule-frechen.de\\\/de\\\/ein-sicherer-start-auf-dem-weg-zu-grossen-erfolgen\\\/\"},\"author\":{\"name\":\"chorschule\",\"@id\":\"https:\\\/\\\/chorschule-frechen.de\\\/de\\\/#\\\/schema\\\/person\\\/2f39be9f15e3165e177bea9141afb9c0\"},\"headline\":\"Ein sicherer Start auf dem Weg zu gro\u00dfen Erfolgen\",\"datePublished\":\"2025-06-21T12:44:16+00:00\",\"dateModified\":\"2025-06-21T13:48:27+00:00\",\"mainEntityOfPage\":{\"@id\":\"https:\\\/\\\/chorschule-frechen.de\\\/de\\\/ein-sicherer-start-auf-dem-weg-zu-grossen-erfolgen\\\/\"},\"wordCount\":608,\"publisher\":{\"@id\":\"https:\\\/\\\/chorschule-frechen.de\\\/de\\\/#organization\"},\"image\":{\"@id\":\"https:\\\/\\\/chorschule-frechen.de\\\/de\\\/ein-sicherer-start-auf-dem-weg-zu-grossen-erfolgen\\\/#primaryimage\"},\"thumbnailUrl\":\"https:\\\/\\\/chorschule-frechen.de\\\/wp-content\\\/uploads\\\/2025\\\/06\\\/img_0873.jpg\",\"articleSection\":[\"Neuigkeiten\"],\"inLanguage\":\"de\"},{\"@type\":\"WebPage\",\"@id\":\"https:\\\/\\\/chorschule-frechen.de\\\/de\\\/ein-sicherer-start-auf-dem-weg-zu-grossen-erfolgen\\\/\",\"url\":\"https:\\\/\\\/chorschule-frechen.de\\\/de\\\/ein-sicherer-start-auf-dem-weg-zu-grossen-erfolgen\\\/\",\"name\":\"Ein sicherer Start auf dem Weg zu gro\u00dfen Erfolgen - \u0412\u043e\u043a\u0430\u043b\u044c\u043d\u043e-\u0445\u043e\u0440\u043e\u0432\u0430 \u0448\u043a\u043e\u043b\u0430 \u041e\u043a\u0441\u0430\u043d\u0438 \u0414\u043e\u043d\u0434\u0438\u043a\",\"isPartOf\":{\"@id\":\"https:\\\/\\\/chorschule-frechen.de\\\/de\\\/#website\"},\"primaryImageOfPage\":{\"@id\":\"https:\\\/\\\/chorschule-frechen.de\\\/de\\\/ein-sicherer-start-auf-dem-weg-zu-grossen-erfolgen\\\/#primaryimage\"},\"image\":{\"@id\":\"https:\\\/\\\/chorschule-frechen.de\\\/de\\\/ein-sicherer-start-auf-dem-weg-zu-grossen-erfolgen\\\/#primaryimage\"},\"thumbnailUrl\":\"https:\\\/\\\/chorschule-frechen.de\\\/wp-content\\\/uploads\\\/2025\\\/06\\\/img_0873.jpg\",\"datePublished\":\"2025-06-21T12:44:16+00:00\",\"dateModified\":\"2025-06-21T13:48:27+00:00\",\"description\":\"Am 7. Juni 2025 fand ein bedeutendes Ereignis im Leben der Gesangs- und Chorschule statt \u2013 das erste Schulkonzert, das Interpreten und Zuschauer zusammenbrachte.\",\"breadcrumb\":{\"@id\":\"https:\\\/\\\/chorschule-frechen.de\\\/de\\\/ein-sicherer-start-auf-dem-weg-zu-grossen-erfolgen\\\/#breadcrumb\"},\"inLanguage\":\"de\",\"potentialAction\":[{\"@type\":\"ReadAction\",\"target\":[\"https:\\\/\\\/chorschule-frechen.de\\\/de\\\/ein-sicherer-start-auf-dem-weg-zu-grossen-erfolgen\\\/\"]}]},{\"@type\":\"ImageObject\",\"inLanguage\":\"de\",\"@id\":\"https:\\\/\\\/chorschule-frechen.de\\\/de\\\/ein-sicherer-start-auf-dem-weg-zu-grossen-erfolgen\\\/#primaryimage\",\"url\":\"https:\\\/\\\/chorschule-frechen.de\\\/wp-content\\\/uploads\\\/2025\\\/06\\\/img_0873.jpg\",\"contentUrl\":\"https:\\\/\\\/chorschule-frechen.de\\\/wp-content\\\/uploads\\\/2025\\\/06\\\/img_0873.jpg\",\"width\":1026,\"height\":577,\"caption\":\"Erstes Schulkonzert 7.06.2025\"},{\"@type\":\"BreadcrumbList\",\"@id\":\"https:\\\/\\\/chorschule-frechen.de\\\/de\\\/ein-sicherer-start-auf-dem-weg-zu-grossen-erfolgen\\\/#breadcrumb\",\"itemListElement\":[{\"@type\":\"ListItem\",\"position\":1,\"name\":\"\u0413\u043e\u043b\u043e\u0432\u043d\u0430\",\"item\":\"https:\\\/\\\/chorschule-frechen.de\\\/de\\\/hauptseite\\\/\"},{\"@type\":\"ListItem\",\"position\":2,\"name\":\"Ein sicherer Start auf dem Weg zu gro\u00dfen Erfolgen\"}]},{\"@type\":\"WebSite\",\"@id\":\"https:\\\/\\\/chorschule-frechen.de\\\/de\\\/#website\",\"url\":\"https:\\\/\\\/chorschule-frechen.de\\\/de\\\/\",\"name\":\"\u0412\u043e\u043a\u0430\u043b\u044c\u043d\u043e-\u0445\u043e\u0440\u043e\u0432\u0430 \u0448\u043a\u043e\u043b\u0430 \u041e\u043a\u0441\u0430\u043d\u0438 \u0414\u043e\u043d\u0434\u0438\u043a\",\"description\":\"\u0412\u043e\u043a\u0430\u043b\u044c\u043d\u043e-\u0445\u043e\u0440\u043e\u0432\u0430 \u0448\u043a\u043e\u043b\u0430 \u041e\u043a\u0441\u0430\u043d\u0438 \u0414\u043e\u043d\u0434\u0438\u043a\",\"publisher\":{\"@id\":\"https:\\\/\\\/chorschule-frechen.de\\\/de\\\/#organization\"},\"potentialAction\":[{\"@type\":\"SearchAction\",\"target\":{\"@type\":\"EntryPoint\",\"urlTemplate\":\"https:\\\/\\\/chorschule-frechen.de\\\/de\\\/?s={search_term_string}\"},\"query-input\":{\"@type\":\"PropertyValueSpecification\",\"valueRequired\":true,\"valueName\":\"search_term_string\"}}],\"inLanguage\":\"de\"},{\"@type\":\"Organization\",\"@id\":\"https:\\\/\\\/chorschule-frechen.de\\\/de\\\/#organization\",\"name\":\"\u0412\u043e\u043a\u0430\u043b\u044c\u043d\u043e-\u0445\u043e\u0440\u043e\u0432\u0430 \u0448\u043a\u043e\u043b\u0430 \u041e\u043a\u0441\u0430\u043d\u0438 \u0414\u043e\u043d\u0434\u0438\u043a\",\"url\":\"https:\\\/\\\/chorschule-frechen.de\\\/de\\\/\",\"logo\":{\"@type\":\"ImageObject\",\"inLanguage\":\"de\",\"@id\":\"https:\\\/\\\/chorschule-frechen.de\\\/de\\\/#\\\/schema\\\/logo\\\/image\\\/\",\"url\":\"https:\\\/\\\/chorschule-frechen.de\\\/wp-content\\\/uploads\\\/2024\\\/09\\\/\u041c\u043e\u043d\u0442\u0430\u0436\u043d\u0430\u044f-\u043e\u0431\u043b\u0430\u0441\u0442\u044c-1-e1727349916239.png\",\"contentUrl\":\"https:\\\/\\\/chorschule-frechen.de\\\/wp-content\\\/uploads\\\/2024\\\/09\\\/\u041c\u043e\u043d\u0442\u0430\u0436\u043d\u0430\u044f-\u043e\u0431\u043b\u0430\u0441\u0442\u044c-1-e1727349916239.png\",\"width\":597,\"height\":502,\"caption\":\"\u0412\u043e\u043a\u0430\u043b\u044c\u043d\u043e-\u0445\u043e\u0440\u043e\u0432\u0430 \u0448\u043a\u043e\u043b\u0430 \u041e\u043a\u0441\u0430\u043d\u0438 \u0414\u043e\u043d\u0434\u0438\u043a\"},\"image\":{\"@id\":\"https:\\\/\\\/chorschule-frechen.de\\\/de\\\/#\\\/schema\\\/logo\\\/image\\\/\"}},{\"@type\":\"Person\",\"@id\":\"https:\\\/\\\/chorschule-frechen.de\\\/de\\\/#\\\/schema\\\/person\\\/2f39be9f15e3165e177bea9141afb9c0\",\"name\":\"chorschule\",\"image\":{\"@type\":\"ImageObject\",\"inLanguage\":\"de\",\"@id\":\"https:\\\/\\\/secure.gravatar.com\\\/avatar\\\/23b0f42f8f8b02457f451de7037de54608f3e55f3801314b0aaee449b8cc743b?s=96&d=mm&r=g\",\"url\":\"https:\\\/\\\/secure.gravatar.com\\\/avatar\\\/23b0f42f8f8b02457f451de7037de54608f3e55f3801314b0aaee449b8cc743b?s=96&d=mm&r=g\",\"contentUrl\":\"https:\\\/\\\/secure.gravatar.com\\\/avatar\\\/23b0f42f8f8b02457f451de7037de54608f3e55f3801314b0aaee449b8cc743b?s=96&d=mm&r=g\",\"caption\":\"chorschule\"},\"url\":\"https:\\\/\\\/chorschule-frechen.de\\\/de\\\/author\\\/chorschule\\\/\"}]}<\/script>\n<!-- \/ Yoast SEO plugin. -->","yoast_head_json":{"title":"Ein sicherer Start auf dem Weg zu gro\u00dfen Erfolgen - \u0412\u043e\u043a\u0430\u043b\u044c\u043d\u043e-\u0445\u043e\u0440\u043e\u0432\u0430 \u0448\u043a\u043e\u043b\u0430 \u041e\u043a\u0441\u0430\u043d\u0438 \u0414\u043e\u043d\u0434\u0438\u043a","description":"Am 7. Juni 2025 fand ein bedeutendes Ereignis im Leben der Gesangs- und Chorschule statt \u2013 das erste Schulkonzert, das Interpreten und Zuschauer zusammenbrachte.","robots":{"index":"index","follow":"follow","max-snippet":"max-snippet:-1","max-image-preview":"max-image-preview:large","max-video-preview":"max-video-preview:-1"},"canonical":"https:\/\/chorschule-frechen.de\/de\/ein-sicherer-start-auf-dem-weg-zu-grossen-erfolgen\/","og_locale":"de_DE","og_type":"article","og_title":"Ein sicherer Start auf dem Weg zu gro\u00dfen Erfolgen - \u0412\u043e\u043a\u0430\u043b\u044c\u043d\u043e-\u0445\u043e\u0440\u043e\u0432\u0430 \u0448\u043a\u043e\u043b\u0430 \u041e\u043a\u0441\u0430\u043d\u0438 \u0414\u043e\u043d\u0434\u0438\u043a","og_description":"Am 7. Juni 2025 fand ein bedeutendes Ereignis im Leben der Gesangs- und Chorschule statt \u2013 das erste Schulkonzert, das Interpreten und Zuschauer zusammenbrachte.","og_url":"https:\/\/chorschule-frechen.de\/de\/ein-sicherer-start-auf-dem-weg-zu-grossen-erfolgen\/","og_site_name":"\u0412\u043e\u043a\u0430\u043b\u044c\u043d\u043e-\u0445\u043e\u0440\u043e\u0432\u0430 \u0448\u043a\u043e\u043b\u0430 \u041e\u043a\u0441\u0430\u043d\u0438 \u0414\u043e\u043d\u0434\u0438\u043a","article_published_time":"2025-06-21T12:44:16+00:00","article_modified_time":"2025-06-21T13:48:27+00:00","og_image":[{"width":1026,"height":577,"url":"https:\/\/chorschule-frechen.de\/wp-content\/uploads\/2025\/06\/img_0873.jpg","type":"image\/jpeg"}],"author":"chorschule","twitter_card":"summary_large_image","twitter_misc":{"Verfasst von":"chorschule","Gesch\u00e4tzte Lesezeit":"3\u00a0Minuten"},"schema":{"@context":"https:\/\/schema.org","@graph":[{"@type":"Article","@id":"https:\/\/chorschule-frechen.de\/de\/ein-sicherer-start-auf-dem-weg-zu-grossen-erfolgen\/#article","isPartOf":{"@id":"https:\/\/chorschule-frechen.de\/de\/ein-sicherer-start-auf-dem-weg-zu-grossen-erfolgen\/"},"author":{"name":"chorschule","@id":"https:\/\/chorschule-frechen.de\/de\/#\/schema\/person\/2f39be9f15e3165e177bea9141afb9c0"},"headline":"Ein sicherer Start auf dem Weg zu gro\u00dfen Erfolgen","datePublished":"2025-06-21T12:44:16+00:00","dateModified":"2025-06-21T13:48:27+00:00","mainEntityOfPage":{"@id":"https:\/\/chorschule-frechen.de\/de\/ein-sicherer-start-auf-dem-weg-zu-grossen-erfolgen\/"},"wordCount":608,"publisher":{"@id":"https:\/\/chorschule-frechen.de\/de\/#organization"},"image":{"@id":"https:\/\/chorschule-frechen.de\/de\/ein-sicherer-start-auf-dem-weg-zu-grossen-erfolgen\/#primaryimage"},"thumbnailUrl":"https:\/\/chorschule-frechen.de\/wp-content\/uploads\/2025\/06\/img_0873.jpg","articleSection":["Neuigkeiten"],"inLanguage":"de"},{"@type":"WebPage","@id":"https:\/\/chorschule-frechen.de\/de\/ein-sicherer-start-auf-dem-weg-zu-grossen-erfolgen\/","url":"https:\/\/chorschule-frechen.de\/de\/ein-sicherer-start-auf-dem-weg-zu-grossen-erfolgen\/","name":"Ein sicherer Start auf dem Weg zu gro\u00dfen Erfolgen - \u0412\u043e\u043a\u0430\u043b\u044c\u043d\u043e-\u0445\u043e\u0440\u043e\u0432\u0430 \u0448\u043a\u043e\u043b\u0430 \u041e\u043a\u0441\u0430\u043d\u0438 \u0414\u043e\u043d\u0434\u0438\u043a","isPartOf":{"@id":"https:\/\/chorschule-frechen.de\/de\/#website"},"primaryImageOfPage":{"@id":"https:\/\/chorschule-frechen.de\/de\/ein-sicherer-start-auf-dem-weg-zu-grossen-erfolgen\/#primaryimage"},"image":{"@id":"https:\/\/chorschule-frechen.de\/de\/ein-sicherer-start-auf-dem-weg-zu-grossen-erfolgen\/#primaryimage"},"thumbnailUrl":"https:\/\/chorschule-frechen.de\/wp-content\/uploads\/2025\/06\/img_0873.jpg","datePublished":"2025-06-21T12:44:16+00:00","dateModified":"2025-06-21T13:48:27+00:00","description":"Am 7. Juni 2025 fand ein bedeutendes Ereignis im Leben der Gesangs- und Chorschule statt \u2013 das erste Schulkonzert, das Interpreten und Zuschauer zusammenbrachte.","breadcrumb":{"@id":"https:\/\/chorschule-frechen.de\/de\/ein-sicherer-start-auf-dem-weg-zu-grossen-erfolgen\/#breadcrumb"},"inLanguage":"de","potentialAction":[{"@type":"ReadAction","target":["https:\/\/chorschule-frechen.de\/de\/ein-sicherer-start-auf-dem-weg-zu-grossen-erfolgen\/"]}]},{"@type":"ImageObject","inLanguage":"de","@id":"https:\/\/chorschule-frechen.de\/de\/ein-sicherer-start-auf-dem-weg-zu-grossen-erfolgen\/#primaryimage","url":"https:\/\/chorschule-frechen.de\/wp-content\/uploads\/2025\/06\/img_0873.jpg","contentUrl":"https:\/\/chorschule-frechen.de\/wp-content\/uploads\/2025\/06\/img_0873.jpg","width":1026,"height":577,"caption":"Erstes Schulkonzert 7.06.2025"},{"@type":"BreadcrumbList","@id":"https:\/\/chorschule-frechen.de\/de\/ein-sicherer-start-auf-dem-weg-zu-grossen-erfolgen\/#breadcrumb","itemListElement":[{"@type":"ListItem","position":1,"name":"\u0413\u043e\u043b\u043e\u0432\u043d\u0430","item":"https:\/\/chorschule-frechen.de\/de\/hauptseite\/"},{"@type":"ListItem","position":2,"name":"Ein sicherer Start auf dem Weg zu gro\u00dfen Erfolgen"}]},{"@type":"WebSite","@id":"https:\/\/chorschule-frechen.de\/de\/#website","url":"https:\/\/chorschule-frechen.de\/de\/","name":"\u0412\u043e\u043a\u0430\u043b\u044c\u043d\u043e-\u0445\u043e\u0440\u043e\u0432\u0430 \u0448\u043a\u043e\u043b\u0430 \u041e\u043a\u0441\u0430\u043d\u0438 \u0414\u043e\u043d\u0434\u0438\u043a","description":"\u0412\u043e\u043a\u0430\u043b\u044c\u043d\u043e-\u0445\u043e\u0440\u043e\u0432\u0430 \u0448\u043a\u043e\u043b\u0430 \u041e\u043a\u0441\u0430\u043d\u0438 \u0414\u043e\u043d\u0434\u0438\u043a","publisher":{"@id":"https:\/\/chorschule-frechen.de\/de\/#organization"},"potentialAction":[{"@type":"SearchAction","target":{"@type":"EntryPoint","urlTemplate":"https:\/\/chorschule-frechen.de\/de\/?s={search_term_string}"},"query-input":{"@type":"PropertyValueSpecification","valueRequired":true,"valueName":"search_term_string"}}],"inLanguage":"de"},{"@type":"Organization","@id":"https:\/\/chorschule-frechen.de\/de\/#organization","name":"\u0412\u043e\u043a\u0430\u043b\u044c\u043d\u043e-\u0445\u043e\u0440\u043e\u0432\u0430 \u0448\u043a\u043e\u043b\u0430 \u041e\u043a\u0441\u0430\u043d\u0438 \u0414\u043e\u043d\u0434\u0438\u043a","url":"https:\/\/chorschule-frechen.de\/de\/","logo":{"@type":"ImageObject","inLanguage":"de","@id":"https:\/\/chorschule-frechen.de\/de\/#\/schema\/logo\/image\/","url":"https:\/\/chorschule-frechen.de\/wp-content\/uploads\/2024\/09\/\u041c\u043e\u043d\u0442\u0430\u0436\u043d\u0430\u044f-\u043e\u0431\u043b\u0430\u0441\u0442\u044c-1-e1727349916239.png","contentUrl":"https:\/\/chorschule-frechen.de\/wp-content\/uploads\/2024\/09\/\u041c\u043e\u043d\u0442\u0430\u0436\u043d\u0430\u044f-\u043e\u0431\u043b\u0430\u0441\u0442\u044c-1-e1727349916239.png","width":597,"height":502,"caption":"\u0412\u043e\u043a\u0430\u043b\u044c\u043d\u043e-\u0445\u043e\u0440\u043e\u0432\u0430 \u0448\u043a\u043e\u043b\u0430 \u041e\u043a\u0441\u0430\u043d\u0438 \u0414\u043e\u043d\u0434\u0438\u043a"},"image":{"@id":"https:\/\/chorschule-frechen.de\/de\/#\/schema\/logo\/image\/"}},{"@type":"Person","@id":"https:\/\/chorschule-frechen.de\/de\/#\/schema\/person\/2f39be9f15e3165e177bea9141afb9c0","name":"chorschule","image":{"@type":"ImageObject","inLanguage":"de","@id":"https:\/\/secure.gravatar.com\/avatar\/23b0f42f8f8b02457f451de7037de54608f3e55f3801314b0aaee449b8cc743b?s=96&d=mm&r=g","url":"https:\/\/secure.gravatar.com\/avatar\/23b0f42f8f8b02457f451de7037de54608f3e55f3801314b0aaee449b8cc743b?s=96&d=mm&r=g","contentUrl":"https:\/\/secure.gravatar.com\/avatar\/23b0f42f8f8b02457f451de7037de54608f3e55f3801314b0aaee449b8cc743b?s=96&d=mm&r=g","caption":"chorschule"},"url":"https:\/\/chorschule-frechen.de\/de\/author\/chorschule\/"}]}},"_links":{"self":[{"href":"https:\/\/chorschule-frechen.de\/de\/wp-json\/wp\/v2\/posts\/6991","targetHints":{"allow":["GET"]}}],"collection":[{"href":"https:\/\/chorschule-frechen.de\/de\/wp-json\/wp\/v2\/posts"}],"about":[{"href":"https:\/\/chorschule-frechen.de\/de\/wp-json\/wp\/v2\/types\/post"}],"author":[{"embeddable":true,"href":"https:\/\/chorschule-frechen.de\/de\/wp-json\/wp\/v2\/users\/1"}],"replies":[{"embeddable":true,"href":"https:\/\/chorschule-frechen.de\/de\/wp-json\/wp\/v2\/comments?post=6991"}],"version-history":[{"count":1,"href":"https:\/\/chorschule-frechen.de\/de\/wp-json\/wp\/v2\/posts\/6991\/revisions"}],"predecessor-version":[{"id":6992,"href":"https:\/\/chorschule-frechen.de\/de\/wp-json\/wp\/v2\/posts\/6991\/revisions\/6992"}],"wp:featuredmedia":[{"embeddable":true,"href":"https:\/\/chorschule-frechen.de\/de\/wp-json\/wp\/v2\/media\/6950"}],"wp:attachment":[{"href":"https:\/\/chorschule-frechen.de\/de\/wp-json\/wp\/v2\/media?parent=6991"}],"wp:term":[{"taxonomy":"category","embeddable":true,"href":"https:\/\/chorschule-frechen.de\/de\/wp-json\/wp\/v2\/categories?post=6991"},{"taxonomy":"post_tag","embeddable":true,"href":"https:\/\/chorschule-frechen.de\/de\/wp-json\/wp\/v2\/tags?post=6991"}],"curies":[{"name":"wp","href":"https:\/\/api.w.org\/{rel}","templated":true}]}}