{"id":6938,"date":"2025-06-18T21:56:24","date_gmt":"2025-06-18T18:56:24","guid":{"rendered":"https:\/\/chorschule-frechen.de\/?p=6938"},"modified":"2025-06-18T23:51:55","modified_gmt":"2025-06-18T20:51:55","slug":"atmung-im-einklang-mit-der-stimme","status":"publish","type":"post","link":"https:\/\/chorschule-frechen.de\/de\/atmung-im-einklang-mit-der-stimme\/","title":{"rendered":"Dritter Autoren-Gesangsworkshop von Oksana Dondyk"},"content":{"rendered":"\t\t<div data-elementor-type=\"wp-post\" data-elementor-id=\"6938\" class=\"elementor elementor-6938 elementor-6898\" data-elementor-post-type=\"post\">\n\t\t\t\t<div class=\"elementor-element elementor-element-33c3010a e-flex e-con-boxed e-con e-parent\" data-id=\"33c3010a\" data-element_type=\"container\" data-e-type=\"container\">\n\t\t\t\t\t<div class=\"e-con-inner\">\n\t\t<div class=\"elementor-element elementor-element-266d02f7 e-con-full e-flex e-con e-child\" data-id=\"266d02f7\" data-element_type=\"container\" data-e-type=\"container\">\n\t\t<a class=\"elementor-element elementor-element-31fb7311 e-con-full wk-image-block e-flex e-con e-child\" data-id=\"31fb7311\" data-element_type=\"container\" data-e-type=\"container\" href=\"https:\/\/chorschule-frechen.de\/wp-content\/uploads\/2025\/06\/img_0642.png\">\n\t\t\t\t<div class=\"elementor-element elementor-element-53d966cb wk-image elementor-widget elementor-widget-image\" data-id=\"53d966cb\" data-element_type=\"widget\" data-e-type=\"widget\" data-widget_type=\"image.default\">\n\t\t\t\t<div class=\"elementor-widget-container\">\n\t\t\t\t\t\t\t\t\t\t\t\t\t\t\t<img fetchpriority=\"high\" decoding=\"async\" width=\"800\" height=\"450\" src=\"https:\/\/chorschule-frechen.de\/wp-content\/uploads\/2025\/06\/img_0642-1024x576.png\" class=\"attachment-large size-large wp-image-6900\" alt=\"Dritter Autoren-Gesangsworkshop von Oksana Dondyk\" srcset=\"https:\/\/chorschule-frechen.de\/wp-content\/uploads\/2025\/06\/img_0642-1024x576.png 1024w, https:\/\/chorschule-frechen.de\/wp-content\/uploads\/2025\/06\/img_0642-300x169.png 300w, https:\/\/chorschule-frechen.de\/wp-content\/uploads\/2025\/06\/img_0642-768x432.png 768w, https:\/\/chorschule-frechen.de\/wp-content\/uploads\/2025\/06\/img_0642-1536x864.png 1536w, https:\/\/chorschule-frechen.de\/wp-content\/uploads\/2025\/06\/img_0642.png 1920w\" sizes=\"(max-width: 800px) 100vw, 800px\" \/>\t\t\t\t\t\t\t\t\t\t\t\t\t\t\t<\/div>\n\t\t\t\t<\/div>\n\t\t\t\t<div class=\"elementor-element elementor-element-8d0e547 elementor-absolute wk-image-icon elementor-view-default elementor-widget elementor-widget-icon\" data-id=\"8d0e547\" data-element_type=\"widget\" data-e-type=\"widget\" data-settings=\"{&quot;_position&quot;:&quot;absolute&quot;}\" data-widget_type=\"icon.default\">\n\t\t\t\t<div class=\"elementor-widget-container\">\n\t\t\t\t\t\t\t<div class=\"elementor-icon-wrapper\">\n\t\t\t<div class=\"elementor-icon\">\n\t\t\t<svg aria-hidden=\"true\" class=\"e-font-icon-svg e-fas-search\" viewBox=\"0 0 512 512\" xmlns=\"http:\/\/www.w3.org\/2000\/svg\"><path d=\"M505 442.7L405.3 343c-4.5-4.5-10.6-7-17-7H372c27.6-35.3 44-79.7 44-128C416 93.1 322.9 0 208 0S0 93.1 0 208s93.1 208 208 208c48.3 0 92.7-16.4 128-44v16.3c0 6.4 2.5 12.5 7 17l99.7 99.7c9.4 9.4 24.6 9.4 33.9 0l28.3-28.3c9.4-9.4 9.4-24.6.1-34zM208 336c-70.7 0-128-57.2-128-128 0-70.7 57.2-128 128-128 70.7 0 128 57.2 128 128 0 70.7-57.2 128-128 128z\"><\/path><\/svg>\t\t\t<\/div>\n\t\t<\/div>\n\t\t\t\t\t\t<\/div>\n\t\t\t\t<\/div>\n\t\t<div class=\"elementor-element elementor-element-133f1df6 e-con-full e-flex e-con e-child\" data-id=\"133f1df6\" data-element_type=\"container\" data-e-type=\"container\" data-settings=\"{&quot;background_background&quot;:&quot;classic&quot;,&quot;position&quot;:&quot;absolute&quot;}\">\n\t\t\t\t<div class=\"elementor-element elementor-element-18436ce7 wk-line elementor-widget elementor-widget-text-editor\" data-id=\"18436ce7\" data-element_type=\"widget\" data-e-type=\"widget\" data-widget_type=\"text-editor.default\">\n\t\t\t\t<div class=\"elementor-widget-container\">\n\t\t\t\t\t\t\t\t\tJuni\t\t\t\t\t\t\t\t<\/div>\n\t\t\t\t<\/div>\n\t\t\t\t<div class=\"elementor-element elementor-element-4744f47b wk-line elementor-widget elementor-widget-text-editor\" data-id=\"4744f47b\" data-element_type=\"widget\" data-e-type=\"widget\" data-widget_type=\"text-editor.default\">\n\t\t\t\t<div class=\"elementor-widget-container\">\n\t\t\t\t\t\t\t\t\t18\t\t\t\t\t\t\t\t<\/div>\n\t\t\t\t<\/div>\n\t\t\t\t<div class=\"elementor-element elementor-element-398a7c01 elementor-widget elementor-widget-text-editor\" data-id=\"398a7c01\" data-element_type=\"widget\" data-e-type=\"widget\" data-widget_type=\"text-editor.default\">\n\t\t\t\t<div class=\"elementor-widget-container\">\n\t\t\t\t\t\t\t\t\t2025\t\t\t\t\t\t\t\t<\/div>\n\t\t\t\t<\/div>\n\t\t\t\t<\/div>\n\t\t\t\t<\/a>\n\t\t\t\t<\/div>\n\t\t<div class=\"elementor-element elementor-element-70b79aed e-con-full e-flex e-con e-child\" data-id=\"70b79aed\" data-element_type=\"container\" data-e-type=\"container\">\n\t\t\t\t<div class=\"elementor-element elementor-element-5413c09c elementor-widget elementor-widget-text-editor\" data-id=\"5413c09c\" data-element_type=\"widget\" data-e-type=\"widget\" data-widget_type=\"text-editor.default\">\n\t\t\t\t<div class=\"elementor-widget-container\">\n\t\t\t\t\t\t\t\t\t<p>\u201eAtmung im Einklang mit der Stimme&#8220; <br \/>In K\u00f6ln fand der dritte Gesangsworkshop von Oksana Dondyk statt<\/p>\n\t\t\t\t\t\t\t\t<\/div>\n\t\t\t\t<\/div>\n\t\t\t\t<div class=\"elementor-element elementor-element-14ad189d elementor-widget elementor-widget-text-editor\" data-id=\"14ad189d\" data-element_type=\"widget\" data-e-type=\"widget\" data-widget_type=\"text-editor.default\">\n\t\t\t\t<div class=\"elementor-widget-container\">\n\t\t\t\t\t\t\t\t\t<p>Am 24. Mai 2025 fand in K\u00f6ln der dritte Gesangsworkshop der Gesangs- und Chorschule von Oksana Dondyk statt. Die Veranstaltung fand auf Einladung der Pianistin und Gr\u00fcnderin Heather O&#8217;Donnell in der kammermusikalischen, kreativen Atmosph\u00e4re des Green Room statt. <\/p>\n<p>Die Veranstaltung widmete sich einem der wichtigsten Themen der modernen Gesangsp\u00e4dagogik \u2013 der Atmung als Grundlage einer gesunden, nachhaltigen und ausdrucksstarken Gesangstechnik. Die Teilnehmer \u2013 sowohl Profis als auch Amateure \u2013 hatten die M\u00f6glichkeit, die Atmungsprozesse nicht als automatische Funktion, sondern als lebendige, bewusste Grundlage des Gesangs zu erforschen. <\/p>\n\t\t\t\t\t\t\t\t<\/div>\n\t\t\t\t<\/div>\n\t\t\t\t<\/div>\n\t\t\t\t\t<\/div>\n\t\t\t\t<\/div>\n\t\t<div class=\"elementor-element elementor-element-86218c e-flex e-con-boxed e-con e-parent\" data-id=\"86218c\" data-element_type=\"container\" data-e-type=\"container\">\n\t\t\t\t\t<div class=\"e-con-inner\">\n\t\t<div class=\"elementor-element elementor-element-7083c7f5 e-con-full e-flex e-con e-child\" data-id=\"7083c7f5\" data-element_type=\"container\" data-e-type=\"container\">\n\t\t\t\t<div class=\"elementor-element elementor-element-35ed957f elementor-widget elementor-widget-text-editor\" data-id=\"35ed957f\" data-element_type=\"widget\" data-e-type=\"widget\" data-widget_type=\"text-editor.default\">\n\t\t\t\t<div class=\"elementor-widget-container\">\n\t\t\t\t\t\t\t\t\t<p>Das Workshop-Programm verband theoretische und praktische Ans\u00e4tze. Besonderes Augenmerk wurde auf die Anatomie der Gesangsatmung, die Beseitigung von K\u00f6rperverspannungen, die Entwicklung eines Gef\u00fchls f\u00fcr innere St\u00fctze sowie die Verbindung von Atmung mit Bewegung, Stimme und musikalischer Phrase gelegt. Alle \u00dcbungen waren darauf ausgerichtet, dass die Teilnehmer nicht nur verstehen, sondern auch k\u00f6rperlich sp\u00fcren, wie die Atmung den Klang beeinflusst und dabei hilft, die nat\u00fcrliche Kraft und Tiefe der Stimme zu entfalten.  <br \/>Der Workshop basierte auf der von Oksana Dondyk entwickelten Methode, die klassische Prinzipien des Gesangsunterrichts mit modernen Ans\u00e4tzen und praktischen Methoden kombiniert, die darauf abzielen, die k\u00f6rperlichen M\u00f6glichkeiten des Organismus in Verbindung mit einem funktionalen Stimmansatz zu entfalten. Dieser Ansatz erm\u00f6glicht es, die Stimme nicht isoliert, sondern als Spiegelbild der gesamten psychophysischen Struktur des Menschen wahrzunehmen. Im Mittelpunkt steht nicht die \u201eKorrektur\u201d der Stimme, sondern die behutsame Entfaltung ihrer nat\u00fcrlichen Individualit\u00e4t durch die Arbeit mit dem K\u00f6rper, der Atmung, der inneren Aufmerksamkeit, dem Ged\u00e4chtnis und der Fantasie.  <\/p>\n\t\t\t\t\t\t\t\t<\/div>\n\t\t\t\t<\/div>\n\t\t\t\t<div class=\"elementor-element elementor-element-285ebcb4 elementor-widget elementor-widget-gallery\" data-id=\"285ebcb4\" data-element_type=\"widget\" data-e-type=\"widget\" data-settings=\"{&quot;image_hover_animation&quot;:&quot;grow&quot;,&quot;gallery_layout&quot;:&quot;justified&quot;,&quot;lazyload&quot;:&quot;yes&quot;,&quot;ideal_row_height&quot;:{&quot;unit&quot;:&quot;px&quot;,&quot;size&quot;:200,&quot;sizes&quot;:[]},&quot;ideal_row_height_tablet&quot;:{&quot;unit&quot;:&quot;px&quot;,&quot;size&quot;:150,&quot;sizes&quot;:[]},&quot;ideal_row_height_mobile&quot;:{&quot;unit&quot;:&quot;px&quot;,&quot;size&quot;:150,&quot;sizes&quot;:[]},&quot;gap&quot;:{&quot;unit&quot;:&quot;px&quot;,&quot;size&quot;:10,&quot;sizes&quot;:[]},&quot;gap_tablet&quot;:{&quot;unit&quot;:&quot;px&quot;,&quot;size&quot;:10,&quot;sizes&quot;:[]},&quot;gap_mobile&quot;:{&quot;unit&quot;:&quot;px&quot;,&quot;size&quot;:10,&quot;sizes&quot;:[]},&quot;link_to&quot;:&quot;file&quot;,&quot;overlay_background&quot;:&quot;yes&quot;,&quot;content_hover_animation&quot;:&quot;fade-in&quot;}\" data-widget_type=\"gallery.default\">\n\t\t\t\t<div class=\"elementor-widget-container\">\n\t\t\t\t\t\t\t<div class=\"elementor-gallery__container\">\n\t\t\t\t\t\t\t<a class=\"e-gallery-item elementor-gallery-item elementor-animated-content\" href=\"https:\/\/chorschule-frechen.de\/wp-content\/uploads\/2025\/06\/img_0644.png\" data-elementor-open-lightbox=\"yes\" data-elementor-lightbox-slideshow=\"285ebcb4\" data-elementor-lightbox-title=\"IMG_0644\" data-elementor-lightbox-description=\"\u0422\u0440\u0435\u0442\u0456\u0439 \u0430\u0432\u0442\u043e\u0440\u0441\u044c\u043a\u0438\u0439 \u0432\u043e\u043a\u0430\u043b\u044c\u043d\u0438\u0439 \u043c\u0430\u0439\u0441\u0442\u0435\u0440-\u043a\u043b\u0430\u0441 \u041e\u043a\u0441\u0430\u043d\u0438 \u0414\u043e\u043d\u0434\u0438\u043a 24.05.2025 \" data-e-action-hash=\"#elementor-action%3Aaction%3Dlightbox%26settings%3DeyJpZCI6NjkwNSwidXJsIjoiaHR0cHM6XC9cL2Nob3JzY2h1bGUtZnJlY2hlbi5kZVwvd3AtY29udGVudFwvdXBsb2Fkc1wvMjAyNVwvMDZcL2ltZ18wNjQ0LnBuZyIsInNsaWRlc2hvdyI6IjI4NWViY2I0In0%3D\">\n\t\t\t\t\t<div class=\"e-gallery-image elementor-gallery-item__image\" data-thumbnail=\"https:\/\/chorschule-frechen.de\/wp-content\/uploads\/2025\/06\/img_0644-300x169.png\" data-width=\"300\" data-height=\"169\" aria-label=\"\u0422\u0440\u0435\u0442\u0456\u0439 \u0430\u0432\u0442\u043e\u0440\u0441\u044c\u043a\u0438\u0439 \u0432\u043e\u043a\u0430\u043b\u044c\u043d\u0438\u0439 \u043c\u0430\u0439\u0441\u0442\u0435\u0440-\u043a\u043b\u0430\u0441 \u041e\u043a\u0441\u0430\u043d\u0438 \u0414\u043e\u043d\u0434\u0438\u043a 24.05.2025 \" role=\"img\" ><\/div>\n\t\t\t\t\t\t\t\t\t\t\t<div class=\"elementor-gallery-item__overlay\"><\/div>\n\t\t\t\t\t\t\t\t\t\t\t\t\t\t<\/a>\n\t\t\t\t\t\t\t<a class=\"e-gallery-item elementor-gallery-item elementor-animated-content\" href=\"https:\/\/chorschule-frechen.de\/wp-content\/uploads\/2025\/06\/img_0645.png\" data-elementor-open-lightbox=\"yes\" data-elementor-lightbox-slideshow=\"285ebcb4\" data-elementor-lightbox-title=\"IMG_0645\" data-elementor-lightbox-description=\"\u0422\u0440\u0435\u0442\u0456\u0439 \u0430\u0432\u0442\u043e\u0440\u0441\u044c\u043a\u0438\u0439 \u0432\u043e\u043a\u0430\u043b\u044c\u043d\u0438\u0439 \u043c\u0430\u0439\u0441\u0442\u0435\u0440-\u043a\u043b\u0430\u0441 \u041e\u043a\u0441\u0430\u043d\u0438 \u0414\u043e\u043d\u0434\u0438\u043a 24.05.2025 \" data-e-action-hash=\"#elementor-action%3Aaction%3Dlightbox%26settings%3DeyJpZCI6NjkwNywidXJsIjoiaHR0cHM6XC9cL2Nob3JzY2h1bGUtZnJlY2hlbi5kZVwvd3AtY29udGVudFwvdXBsb2Fkc1wvMjAyNVwvMDZcL2ltZ18wNjQ1LnBuZyIsInNsaWRlc2hvdyI6IjI4NWViY2I0In0%3D\">\n\t\t\t\t\t<div class=\"e-gallery-image elementor-gallery-item__image\" data-thumbnail=\"https:\/\/chorschule-frechen.de\/wp-content\/uploads\/2025\/06\/img_0645-300x169.png\" data-width=\"300\" data-height=\"169\" aria-label=\"\u0422\u0440\u0435\u0442\u0456\u0439 \u0430\u0432\u0442\u043e\u0440\u0441\u044c\u043a\u0438\u0439 \u0432\u043e\u043a\u0430\u043b\u044c\u043d\u0438\u0439 \u043c\u0430\u0439\u0441\u0442\u0435\u0440-\u043a\u043b\u0430\u0441 \u041e\u043a\u0441\u0430\u043d\u0438 \u0414\u043e\u043d\u0434\u0438\u043a 24.05.2025 \" role=\"img\" ><\/div>\n\t\t\t\t\t\t\t\t\t\t\t<div class=\"elementor-gallery-item__overlay\"><\/div>\n\t\t\t\t\t\t\t\t\t\t\t\t\t\t<\/a>\n\t\t\t\t\t\t\t<a class=\"e-gallery-item elementor-gallery-item elementor-animated-content\" href=\"https:\/\/chorschule-frechen.de\/wp-content\/uploads\/2025\/06\/img_0646.png\" data-elementor-open-lightbox=\"yes\" data-elementor-lightbox-slideshow=\"285ebcb4\" data-elementor-lightbox-title=\"IMG_0646\" data-elementor-lightbox-description=\"\u0422\u0440\u0435\u0442\u0456\u0439 \u0430\u0432\u0442\u043e\u0440\u0441\u044c\u043a\u0438\u0439 \u0432\u043e\u043a\u0430\u043b\u044c\u043d\u0438\u0439 \u043c\u0430\u0439\u0441\u0442\u0435\u0440-\u043a\u043b\u0430\u0441 \u041e\u043a\u0441\u0430\u043d\u0438 \u0414\u043e\u043d\u0434\u0438\u043a 24.05.2025 \" data-e-action-hash=\"#elementor-action%3Aaction%3Dlightbox%26settings%3DeyJpZCI6NjkwOSwidXJsIjoiaHR0cHM6XC9cL2Nob3JzY2h1bGUtZnJlY2hlbi5kZVwvd3AtY29udGVudFwvdXBsb2Fkc1wvMjAyNVwvMDZcL2ltZ18wNjQ2LnBuZyIsInNsaWRlc2hvdyI6IjI4NWViY2I0In0%3D\">\n\t\t\t\t\t<div class=\"e-gallery-image elementor-gallery-item__image\" data-thumbnail=\"https:\/\/chorschule-frechen.de\/wp-content\/uploads\/2025\/06\/img_0646-300x169.png\" data-width=\"300\" data-height=\"169\" aria-label=\"\u0422\u0440\u0435\u0442\u0456\u0439 \u0430\u0432\u0442\u043e\u0440\u0441\u044c\u043a\u0438\u0439 \u0432\u043e\u043a\u0430\u043b\u044c\u043d\u0438\u0439 \u043c\u0430\u0439\u0441\u0442\u0435\u0440-\u043a\u043b\u0430\u0441 \u041e\u043a\u0441\u0430\u043d\u0438 \u0414\u043e\u043d\u0434\u0438\u043a 24.05.2025 \" role=\"img\" ><\/div>\n\t\t\t\t\t\t\t\t\t\t\t<div class=\"elementor-gallery-item__overlay\"><\/div>\n\t\t\t\t\t\t\t\t\t\t\t\t\t\t<\/a>\n\t\t\t\t\t\t\t<a class=\"e-gallery-item elementor-gallery-item elementor-animated-content\" href=\"https:\/\/chorschule-frechen.de\/wp-content\/uploads\/2025\/06\/img_0647.png\" data-elementor-open-lightbox=\"yes\" data-elementor-lightbox-slideshow=\"285ebcb4\" data-elementor-lightbox-title=\"IMG_0647\" data-elementor-lightbox-description=\"\u0422\u0440\u0435\u0442\u0456\u0439 \u0430\u0432\u0442\u043e\u0440\u0441\u044c\u043a\u0438\u0439 \u0432\u043e\u043a\u0430\u043b\u044c\u043d\u0438\u0439 \u043c\u0430\u0439\u0441\u0442\u0435\u0440-\u043a\u043b\u0430\u0441 \u041e\u043a\u0441\u0430\u043d\u0438 \u0414\u043e\u043d\u0434\u0438\u043a 24.05.2025 \" data-e-action-hash=\"#elementor-action%3Aaction%3Dlightbox%26settings%3DeyJpZCI6NjkxMSwidXJsIjoiaHR0cHM6XC9cL2Nob3JzY2h1bGUtZnJlY2hlbi5kZVwvd3AtY29udGVudFwvdXBsb2Fkc1wvMjAyNVwvMDZcL2ltZ18wNjQ3LnBuZyIsInNsaWRlc2hvdyI6IjI4NWViY2I0In0%3D\">\n\t\t\t\t\t<div class=\"e-gallery-image elementor-gallery-item__image\" data-thumbnail=\"https:\/\/chorschule-frechen.de\/wp-content\/uploads\/2025\/06\/img_0647-300x169.png\" data-width=\"300\" data-height=\"169\" aria-label=\"\u0422\u0440\u0435\u0442\u0456\u0439 \u0430\u0432\u0442\u043e\u0440\u0441\u044c\u043a\u0438\u0439 \u0432\u043e\u043a\u0430\u043b\u044c\u043d\u0438\u0439 \u043c\u0430\u0439\u0441\u0442\u0435\u0440-\u043a\u043b\u0430\u0441 \u041e\u043a\u0441\u0430\u043d\u0438 \u0414\u043e\u043d\u0434\u0438\u043a 24.05.2025 \" role=\"img\" ><\/div>\n\t\t\t\t\t\t\t\t\t\t\t<div class=\"elementor-gallery-item__overlay\"><\/div>\n\t\t\t\t\t\t\t\t\t\t\t\t\t\t<\/a>\n\t\t\t\t\t<\/div>\n\t\t\t\t\t<\/div>\n\t\t\t\t<\/div>\n\t\t\t\t<div class=\"elementor-element elementor-element-4ac747a8 elementor-widget elementor-widget-text-editor\" data-id=\"4ac747a8\" data-element_type=\"widget\" data-e-type=\"widget\" data-widget_type=\"text-editor.default\">\n\t\t\t\t<div class=\"elementor-widget-container\">\n\t\t\t\t\t\t\t\t\t<p>\u201eEchte Gesangstechnik beginnt dort, wo der Kampf mit sich selbst endet. Wir \u201esetzen\u201c die Stimme nicht ein, sondern \u00f6ffnen sie \u2013 Schritt f\u00fcr Schritt, im Einklang mit dem Atem, dem K\u00f6rper und der pers\u00f6nlichen Natur jedes Menschen\u201c, betont Oksana Dondyk.<br \/>Jeder Teilnehmer erhielt individuelle Empfehlungen und praktische Hilfsmittel f\u00fcr die selbstst\u00e4ndige Arbeit. Der Workshop war nicht nur lehrreich, sondern auch ein zutiefst inspirierendes Ereignis, das den Teilnehmern neue Ressourcen, Erkenntnisse und kreative Impulse bescherte. <br \/>Wir danken Heather O&#8217;Donnell und dem Team von The Green Room f\u00fcr die Zusammenarbeit, den herzlichen Empfang und die Unterst\u00fctzung. Der Workshop in K\u00f6ln war ein wichtiger Schritt in der Entwicklung der Bildungsinitiativen der Schule und zeigte das gro\u00dfe Interesse an einem tiefgr\u00fcndigen, aufmerksamen und professionellen Ansatz f\u00fcr den Gesangsunterricht. <br \/>Vor uns liegen neue St\u00e4dte, neue Begegnungen und die Fortsetzung der Reihe von Autoren-Workshops.<\/p>\n\t\t\t\t\t\t\t\t<\/div>\n\t\t\t\t<\/div>\n\t\t\t\t<div class=\"elementor-element elementor-element-ce3a06a elementor-widget elementor-widget-gallery\" data-id=\"ce3a06a\" data-element_type=\"widget\" data-e-type=\"widget\" data-settings=\"{&quot;image_hover_animation&quot;:&quot;grow&quot;,&quot;gallery_layout&quot;:&quot;justified&quot;,&quot;lazyload&quot;:&quot;yes&quot;,&quot;ideal_row_height&quot;:{&quot;unit&quot;:&quot;px&quot;,&quot;size&quot;:200,&quot;sizes&quot;:[]},&quot;ideal_row_height_tablet&quot;:{&quot;unit&quot;:&quot;px&quot;,&quot;size&quot;:150,&quot;sizes&quot;:[]},&quot;ideal_row_height_mobile&quot;:{&quot;unit&quot;:&quot;px&quot;,&quot;size&quot;:150,&quot;sizes&quot;:[]},&quot;gap&quot;:{&quot;unit&quot;:&quot;px&quot;,&quot;size&quot;:10,&quot;sizes&quot;:[]},&quot;gap_tablet&quot;:{&quot;unit&quot;:&quot;px&quot;,&quot;size&quot;:10,&quot;sizes&quot;:[]},&quot;gap_mobile&quot;:{&quot;unit&quot;:&quot;px&quot;,&quot;size&quot;:10,&quot;sizes&quot;:[]},&quot;link_to&quot;:&quot;file&quot;,&quot;overlay_background&quot;:&quot;yes&quot;,&quot;content_hover_animation&quot;:&quot;fade-in&quot;}\" data-widget_type=\"gallery.default\">\n\t\t\t\t<div class=\"elementor-widget-container\">\n\t\t\t\t\t\t\t<div class=\"elementor-gallery__container\">\n\t\t\t\t\t\t\t<a class=\"e-gallery-item elementor-gallery-item elementor-animated-content\" href=\"https:\/\/chorschule-frechen.de\/wp-content\/uploads\/2025\/06\/img_0649.png\" data-elementor-open-lightbox=\"yes\" data-elementor-lightbox-slideshow=\"ce3a06a\" data-elementor-lightbox-title=\"IMG_0649\" data-elementor-lightbox-description=\"\u0422\u0440\u0435\u0442\u0456\u0439 \u0430\u0432\u0442\u043e\u0440\u0441\u044c\u043a\u0438\u0439 \u0432\u043e\u043a\u0430\u043b\u044c\u043d\u0438\u0439 \u043c\u0430\u0439\u0441\u0442\u0435\u0440-\u043a\u043b\u0430\u0441 \u041e\u043a\u0441\u0430\u043d\u0438 \u0414\u043e\u043d\u0434\u0438\u043a 24.05.2025 \" data-e-action-hash=\"#elementor-action%3Aaction%3Dlightbox%26settings%3DeyJpZCI6NjkxNSwidXJsIjoiaHR0cHM6XC9cL2Nob3JzY2h1bGUtZnJlY2hlbi5kZVwvd3AtY29udGVudFwvdXBsb2Fkc1wvMjAyNVwvMDZcL2ltZ18wNjQ5LnBuZyIsInNsaWRlc2hvdyI6ImNlM2EwNmEifQ%3D%3D\">\n\t\t\t\t\t<div class=\"e-gallery-image elementor-gallery-item__image\" data-thumbnail=\"https:\/\/chorschule-frechen.de\/wp-content\/uploads\/2025\/06\/img_0649-300x169.png\" data-width=\"300\" data-height=\"169\" aria-label=\"\u0422\u0440\u0435\u0442\u0456\u0439 \u0430\u0432\u0442\u043e\u0440\u0441\u044c\u043a\u0438\u0439 \u0432\u043e\u043a\u0430\u043b\u044c\u043d\u0438\u0439 \u043c\u0430\u0439\u0441\u0442\u0435\u0440-\u043a\u043b\u0430\u0441 \u041e\u043a\u0441\u0430\u043d\u0438 \u0414\u043e\u043d\u0434\u0438\u043a 24.05.2025 \" role=\"img\" ><\/div>\n\t\t\t\t\t\t\t\t\t\t\t<div class=\"elementor-gallery-item__overlay\"><\/div>\n\t\t\t\t\t\t\t\t\t\t\t\t\t\t<\/a>\n\t\t\t\t\t\t\t<a class=\"e-gallery-item elementor-gallery-item elementor-animated-content\" href=\"https:\/\/chorschule-frechen.de\/wp-content\/uploads\/2025\/06\/img_0643.png\" data-elementor-open-lightbox=\"yes\" data-elementor-lightbox-slideshow=\"ce3a06a\" data-elementor-lightbox-title=\"IMG_0643\" data-elementor-lightbox-description=\"\u0422\u0440\u0435\u0442\u0456\u0439 \u0430\u0432\u0442\u043e\u0440\u0441\u044c\u043a\u0438\u0439 \u0432\u043e\u043a\u0430\u043b\u044c\u043d\u0438\u0439 \u043c\u0430\u0439\u0441\u0442\u0435\u0440-\u043a\u043b\u0430\u0441 \u041e\u043a\u0441\u0430\u043d\u0438 \u0414\u043e\u043d\u0434\u0438\u043a 24.05.2025 \" data-e-action-hash=\"#elementor-action%3Aaction%3Dlightbox%26settings%3DeyJpZCI6NjkwMywidXJsIjoiaHR0cHM6XC9cL2Nob3JzY2h1bGUtZnJlY2hlbi5kZVwvd3AtY29udGVudFwvdXBsb2Fkc1wvMjAyNVwvMDZcL2ltZ18wNjQzLnBuZyIsInNsaWRlc2hvdyI6ImNlM2EwNmEifQ%3D%3D\">\n\t\t\t\t\t<div class=\"e-gallery-image elementor-gallery-item__image\" data-thumbnail=\"https:\/\/chorschule-frechen.de\/wp-content\/uploads\/2025\/06\/img_0643-300x169.png\" data-width=\"300\" data-height=\"169\" aria-label=\"\u0422\u0440\u0435\u0442\u0456\u0439 \u0430\u0432\u0442\u043e\u0440\u0441\u044c\u043a\u0438\u0439 \u0432\u043e\u043a\u0430\u043b\u044c\u043d\u0438\u0439 \u043c\u0430\u0439\u0441\u0442\u0435\u0440-\u043a\u043b\u0430\u0441 \u041e\u043a\u0441\u0430\u043d\u0438 \u0414\u043e\u043d\u0434\u0438\u043a 24.05.2025 \" role=\"img\" ><\/div>\n\t\t\t\t\t\t\t\t\t\t\t<div class=\"elementor-gallery-item__overlay\"><\/div>\n\t\t\t\t\t\t\t\t\t\t\t\t\t\t<\/a>\n\t\t\t\t\t\t\t<a class=\"e-gallery-item elementor-gallery-item elementor-animated-content\" href=\"https:\/\/chorschule-frechen.de\/wp-content\/uploads\/2025\/06\/img_0650.png\" data-elementor-open-lightbox=\"yes\" data-elementor-lightbox-slideshow=\"ce3a06a\" data-elementor-lightbox-title=\"IMG_0650\" data-elementor-lightbox-description=\"\u0422\u0440\u0435\u0442\u0456\u0439 \u0430\u0432\u0442\u043e\u0440\u0441\u044c\u043a\u0438\u0439 \u0432\u043e\u043a\u0430\u043b\u044c\u043d\u0438\u0439 \u043c\u0430\u0439\u0441\u0442\u0435\u0440-\u043a\u043b\u0430\u0441 \u041e\u043a\u0441\u0430\u043d\u0438 \u0414\u043e\u043d\u0434\u0438\u043a 24.05.2025 \" data-e-action-hash=\"#elementor-action%3Aaction%3Dlightbox%26settings%3DeyJpZCI6NjkxNywidXJsIjoiaHR0cHM6XC9cL2Nob3JzY2h1bGUtZnJlY2hlbi5kZVwvd3AtY29udGVudFwvdXBsb2Fkc1wvMjAyNVwvMDZcL2ltZ18wNjUwLnBuZyIsInNsaWRlc2hvdyI6ImNlM2EwNmEifQ%3D%3D\">\n\t\t\t\t\t<div class=\"e-gallery-image elementor-gallery-item__image\" data-thumbnail=\"https:\/\/chorschule-frechen.de\/wp-content\/uploads\/2025\/06\/img_0650-300x169.png\" data-width=\"300\" data-height=\"169\" aria-label=\"\u0422\u0440\u0435\u0442\u0456\u0439 \u0430\u0432\u0442\u043e\u0440\u0441\u044c\u043a\u0438\u0439 \u0432\u043e\u043a\u0430\u043b\u044c\u043d\u0438\u0439 \u043c\u0430\u0439\u0441\u0442\u0435\u0440-\u043a\u043b\u0430\u0441 \u041e\u043a\u0441\u0430\u043d\u0438 \u0414\u043e\u043d\u0434\u0438\u043a 24.05.2025 \" role=\"img\" ><\/div>\n\t\t\t\t\t\t\t\t\t\t\t<div class=\"elementor-gallery-item__overlay\"><\/div>\n\t\t\t\t\t\t\t\t\t\t\t\t\t\t<\/a>\n\t\t\t\t\t\t\t<a class=\"e-gallery-item elementor-gallery-item elementor-animated-content\" href=\"https:\/\/chorschule-frechen.de\/wp-content\/uploads\/2025\/06\/img_0648.png\" data-elementor-open-lightbox=\"yes\" data-elementor-lightbox-slideshow=\"ce3a06a\" data-elementor-lightbox-title=\"IMG_0648\" data-elementor-lightbox-description=\"\u0422\u0440\u0435\u0442\u0456\u0439 \u0430\u0432\u0442\u043e\u0440\u0441\u044c\u043a\u0438\u0439 \u0432\u043e\u043a\u0430\u043b\u044c\u043d\u0438\u0439 \u043c\u0430\u0439\u0441\u0442\u0435\u0440-\u043a\u043b\u0430\u0441 \u041e\u043a\u0441\u0430\u043d\u0438 \u0414\u043e\u043d\u0434\u0438\u043a 24.05.2025 \" data-e-action-hash=\"#elementor-action%3Aaction%3Dlightbox%26settings%3DeyJpZCI6NjkxMywidXJsIjoiaHR0cHM6XC9cL2Nob3JzY2h1bGUtZnJlY2hlbi5kZVwvd3AtY29udGVudFwvdXBsb2Fkc1wvMjAyNVwvMDZcL2ltZ18wNjQ4LnBuZyIsInNsaWRlc2hvdyI6ImNlM2EwNmEifQ%3D%3D\">\n\t\t\t\t\t<div class=\"e-gallery-image elementor-gallery-item__image\" data-thumbnail=\"https:\/\/chorschule-frechen.de\/wp-content\/uploads\/2025\/06\/img_0648-300x169.png\" data-width=\"300\" data-height=\"169\" aria-label=\"\u0422\u0440\u0435\u0442\u0456\u0439 \u0430\u0432\u0442\u043e\u0440\u0441\u044c\u043a\u0438\u0439 \u0432\u043e\u043a\u0430\u043b\u044c\u043d\u0438\u0439 \u043c\u0430\u0439\u0441\u0442\u0435\u0440-\u043a\u043b\u0430\u0441 \u041e\u043a\u0441\u0430\u043d\u0438 \u0414\u043e\u043d\u0434\u0438\u043a 24.05.2025 \" role=\"img\" ><\/div>\n\t\t\t\t\t\t\t\t\t\t\t<div class=\"elementor-gallery-item__overlay\"><\/div>\n\t\t\t\t\t\t\t\t\t\t\t\t\t\t<\/a>\n\t\t\t\t\t<\/div>\n\t\t\t\t\t<\/div>\n\t\t\t\t<\/div>\n\t\t\t\t<\/div>\n\t\t\t\t\t<\/div>\n\t\t\t\t<\/div>\n\t\t\t\t<\/div>\n\t\t","protected":false},"excerpt":{"rendered":"<p>Atmung im Einklang mit der Stimme<br \/>Am 24. Mai 2025 fand in K\u00f6ln der dritte Gesangsworkshop der Gesangs- und Chorschule Oksana Dondyk statt. Die Veranstaltung fand auf Einladung der Pianistin und Gr\u00fcnderin Heather O&#8217;Donnell in der kammermusikalischen, kreativen Atmosph\u00e4re des Green Room statt.  <\/p>\n","protected":false},"author":1,"featured_media":6900,"comment_status":"closed","ping_status":"closed","sticky":false,"template":"","format":"standard","meta":{"footnotes":""},"categories":[8],"tags":[],"class_list":["post-6938","post","type-post","status-publish","format-standard","has-post-thumbnail","hentry","category-neuigkeiten"],"yoast_head":"<!-- This site is optimized with the Yoast SEO plugin v27.5 - https:\/\/yoast.com\/product\/yoast-seo-wordpress\/ -->\n<title>Dritter Autoren-Gesangsworkshop von Oksana Dondyk - \u0412\u043e\u043a\u0430\u043b\u044c\u043d\u043e-\u0445\u043e\u0440\u043e\u0432\u0430 \u0448\u043a\u043e\u043b\u0430 \u041e\u043a\u0441\u0430\u043d\u0438 \u0414\u043e\u043d\u0434\u0438\u043a<\/title>\n<meta name=\"description\" content=\"Am 24. Mai 2025 fand in K\u00f6ln der dritte Gesangsworkshop der Gesangs- und Chorschule von Oksana Dondyk statt.\" \/>\n<meta name=\"robots\" content=\"index, follow, max-snippet:-1, max-image-preview:large, max-video-preview:-1\" \/>\n<link rel=\"canonical\" href=\"https:\/\/chorschule-frechen.de\/de\/atmung-im-einklang-mit-der-stimme\/\" \/>\n<meta property=\"og:locale\" content=\"de_DE\" \/>\n<meta property=\"og:type\" content=\"article\" \/>\n<meta property=\"og:title\" content=\"Dritter Autoren-Gesangsworkshop von Oksana Dondyk - \u0412\u043e\u043a\u0430\u043b\u044c\u043d\u043e-\u0445\u043e\u0440\u043e\u0432\u0430 \u0448\u043a\u043e\u043b\u0430 \u041e\u043a\u0441\u0430\u043d\u0438 \u0414\u043e\u043d\u0434\u0438\u043a\" \/>\n<meta property=\"og:description\" content=\"Am 24. Mai 2025 fand in K\u00f6ln der dritte Gesangsworkshop der Gesangs- und Chorschule von Oksana Dondyk statt.\" \/>\n<meta property=\"og:url\" content=\"https:\/\/chorschule-frechen.de\/de\/atmung-im-einklang-mit-der-stimme\/\" \/>\n<meta property=\"og:site_name\" content=\"\u0412\u043e\u043a\u0430\u043b\u044c\u043d\u043e-\u0445\u043e\u0440\u043e\u0432\u0430 \u0448\u043a\u043e\u043b\u0430 \u041e\u043a\u0441\u0430\u043d\u0438 \u0414\u043e\u043d\u0434\u0438\u043a\" \/>\n<meta property=\"article:published_time\" content=\"2025-06-18T18:56:24+00:00\" \/>\n<meta property=\"article:modified_time\" content=\"2025-06-18T20:51:55+00:00\" \/>\n<meta property=\"og:image\" content=\"https:\/\/chorschule-frechen.de\/wp-content\/uploads\/2025\/06\/img_0642-1024x576.png\" \/>\n\t<meta property=\"og:image:width\" content=\"1024\" \/>\n\t<meta property=\"og:image:height\" content=\"576\" \/>\n\t<meta property=\"og:image:type\" content=\"image\/png\" \/>\n<meta name=\"author\" content=\"chorschule\" \/>\n<meta name=\"twitter:card\" content=\"summary_large_image\" \/>\n<meta name=\"twitter:label1\" content=\"Verfasst von\" \/>\n\t<meta name=\"twitter:data1\" content=\"chorschule\" \/>\n\t<meta name=\"twitter:label2\" content=\"Gesch\u00e4tzte Lesezeit\" \/>\n\t<meta name=\"twitter:data2\" content=\"3\u00a0Minuten\" \/>\n<script type=\"application\/ld+json\" class=\"yoast-schema-graph\">{\"@context\":\"https:\\\/\\\/schema.org\",\"@graph\":[{\"@type\":\"Article\",\"@id\":\"https:\\\/\\\/chorschule-frechen.de\\\/de\\\/atmung-im-einklang-mit-der-stimme\\\/#article\",\"isPartOf\":{\"@id\":\"https:\\\/\\\/chorschule-frechen.de\\\/de\\\/atmung-im-einklang-mit-der-stimme\\\/\"},\"author\":{\"name\":\"chorschule\",\"@id\":\"https:\\\/\\\/chorschule-frechen.de\\\/de\\\/#\\\/schema\\\/person\\\/2f39be9f15e3165e177bea9141afb9c0\"},\"headline\":\"Dritter Autoren-Gesangsworkshop von Oksana Dondyk\",\"datePublished\":\"2025-06-18T18:56:24+00:00\",\"dateModified\":\"2025-06-18T20:51:55+00:00\",\"mainEntityOfPage\":{\"@id\":\"https:\\\/\\\/chorschule-frechen.de\\\/de\\\/atmung-im-einklang-mit-der-stimme\\\/\"},\"wordCount\":432,\"publisher\":{\"@id\":\"https:\\\/\\\/chorschule-frechen.de\\\/de\\\/#organization\"},\"image\":{\"@id\":\"https:\\\/\\\/chorschule-frechen.de\\\/de\\\/atmung-im-einklang-mit-der-stimme\\\/#primaryimage\"},\"thumbnailUrl\":\"https:\\\/\\\/chorschule-frechen.de\\\/wp-content\\\/uploads\\\/2025\\\/06\\\/img_0642.png\",\"articleSection\":[\"Neuigkeiten\"],\"inLanguage\":\"de\"},{\"@type\":\"WebPage\",\"@id\":\"https:\\\/\\\/chorschule-frechen.de\\\/de\\\/atmung-im-einklang-mit-der-stimme\\\/\",\"url\":\"https:\\\/\\\/chorschule-frechen.de\\\/de\\\/atmung-im-einklang-mit-der-stimme\\\/\",\"name\":\"Dritter Autoren-Gesangsworkshop von Oksana Dondyk - \u0412\u043e\u043a\u0430\u043b\u044c\u043d\u043e-\u0445\u043e\u0440\u043e\u0432\u0430 \u0448\u043a\u043e\u043b\u0430 \u041e\u043a\u0441\u0430\u043d\u0438 \u0414\u043e\u043d\u0434\u0438\u043a\",\"isPartOf\":{\"@id\":\"https:\\\/\\\/chorschule-frechen.de\\\/de\\\/#website\"},\"primaryImageOfPage\":{\"@id\":\"https:\\\/\\\/chorschule-frechen.de\\\/de\\\/atmung-im-einklang-mit-der-stimme\\\/#primaryimage\"},\"image\":{\"@id\":\"https:\\\/\\\/chorschule-frechen.de\\\/de\\\/atmung-im-einklang-mit-der-stimme\\\/#primaryimage\"},\"thumbnailUrl\":\"https:\\\/\\\/chorschule-frechen.de\\\/wp-content\\\/uploads\\\/2025\\\/06\\\/img_0642.png\",\"datePublished\":\"2025-06-18T18:56:24+00:00\",\"dateModified\":\"2025-06-18T20:51:55+00:00\",\"description\":\"Am 24. Mai 2025 fand in K\u00f6ln der dritte Gesangsworkshop der Gesangs- und Chorschule von Oksana Dondyk statt.\",\"breadcrumb\":{\"@id\":\"https:\\\/\\\/chorschule-frechen.de\\\/de\\\/atmung-im-einklang-mit-der-stimme\\\/#breadcrumb\"},\"inLanguage\":\"de\",\"potentialAction\":[{\"@type\":\"ReadAction\",\"target\":[\"https:\\\/\\\/chorschule-frechen.de\\\/de\\\/atmung-im-einklang-mit-der-stimme\\\/\"]}]},{\"@type\":\"ImageObject\",\"inLanguage\":\"de\",\"@id\":\"https:\\\/\\\/chorschule-frechen.de\\\/de\\\/atmung-im-einklang-mit-der-stimme\\\/#primaryimage\",\"url\":\"https:\\\/\\\/chorschule-frechen.de\\\/wp-content\\\/uploads\\\/2025\\\/06\\\/img_0642.png\",\"contentUrl\":\"https:\\\/\\\/chorschule-frechen.de\\\/wp-content\\\/uploads\\\/2025\\\/06\\\/img_0642.png\",\"width\":1920,\"height\":1080,\"caption\":\"Dritter Autoren-Gesangsworkshop von Oksana Dondyk\"},{\"@type\":\"BreadcrumbList\",\"@id\":\"https:\\\/\\\/chorschule-frechen.de\\\/de\\\/atmung-im-einklang-mit-der-stimme\\\/#breadcrumb\",\"itemListElement\":[{\"@type\":\"ListItem\",\"position\":1,\"name\":\"\u0413\u043e\u043b\u043e\u0432\u043d\u0430\",\"item\":\"https:\\\/\\\/chorschule-frechen.de\\\/de\\\/hauptseite\\\/\"},{\"@type\":\"ListItem\",\"position\":2,\"name\":\"Dritter Autoren-Gesangsworkshop von Oksana Dondyk\"}]},{\"@type\":\"WebSite\",\"@id\":\"https:\\\/\\\/chorschule-frechen.de\\\/de\\\/#website\",\"url\":\"https:\\\/\\\/chorschule-frechen.de\\\/de\\\/\",\"name\":\"\u0412\u043e\u043a\u0430\u043b\u044c\u043d\u043e-\u0445\u043e\u0440\u043e\u0432\u0430 \u0448\u043a\u043e\u043b\u0430 \u041e\u043a\u0441\u0430\u043d\u0438 \u0414\u043e\u043d\u0434\u0438\u043a\",\"description\":\"\u0412\u043e\u043a\u0430\u043b\u044c\u043d\u043e-\u0445\u043e\u0440\u043e\u0432\u0430 \u0448\u043a\u043e\u043b\u0430 \u041e\u043a\u0441\u0430\u043d\u0438 \u0414\u043e\u043d\u0434\u0438\u043a\",\"publisher\":{\"@id\":\"https:\\\/\\\/chorschule-frechen.de\\\/de\\\/#organization\"},\"potentialAction\":[{\"@type\":\"SearchAction\",\"target\":{\"@type\":\"EntryPoint\",\"urlTemplate\":\"https:\\\/\\\/chorschule-frechen.de\\\/de\\\/?s={search_term_string}\"},\"query-input\":{\"@type\":\"PropertyValueSpecification\",\"valueRequired\":true,\"valueName\":\"search_term_string\"}}],\"inLanguage\":\"de\"},{\"@type\":\"Organization\",\"@id\":\"https:\\\/\\\/chorschule-frechen.de\\\/de\\\/#organization\",\"name\":\"\u0412\u043e\u043a\u0430\u043b\u044c\u043d\u043e-\u0445\u043e\u0440\u043e\u0432\u0430 \u0448\u043a\u043e\u043b\u0430 \u041e\u043a\u0441\u0430\u043d\u0438 \u0414\u043e\u043d\u0434\u0438\u043a\",\"url\":\"https:\\\/\\\/chorschule-frechen.de\\\/de\\\/\",\"logo\":{\"@type\":\"ImageObject\",\"inLanguage\":\"de\",\"@id\":\"https:\\\/\\\/chorschule-frechen.de\\\/de\\\/#\\\/schema\\\/logo\\\/image\\\/\",\"url\":\"https:\\\/\\\/chorschule-frechen.de\\\/wp-content\\\/uploads\\\/2024\\\/09\\\/\u041c\u043e\u043d\u0442\u0430\u0436\u043d\u0430\u044f-\u043e\u0431\u043b\u0430\u0441\u0442\u044c-1-e1727349916239.png\",\"contentUrl\":\"https:\\\/\\\/chorschule-frechen.de\\\/wp-content\\\/uploads\\\/2024\\\/09\\\/\u041c\u043e\u043d\u0442\u0430\u0436\u043d\u0430\u044f-\u043e\u0431\u043b\u0430\u0441\u0442\u044c-1-e1727349916239.png\",\"width\":597,\"height\":502,\"caption\":\"\u0412\u043e\u043a\u0430\u043b\u044c\u043d\u043e-\u0445\u043e\u0440\u043e\u0432\u0430 \u0448\u043a\u043e\u043b\u0430 \u041e\u043a\u0441\u0430\u043d\u0438 \u0414\u043e\u043d\u0434\u0438\u043a\"},\"image\":{\"@id\":\"https:\\\/\\\/chorschule-frechen.de\\\/de\\\/#\\\/schema\\\/logo\\\/image\\\/\"}},{\"@type\":\"Person\",\"@id\":\"https:\\\/\\\/chorschule-frechen.de\\\/de\\\/#\\\/schema\\\/person\\\/2f39be9f15e3165e177bea9141afb9c0\",\"name\":\"chorschule\",\"image\":{\"@type\":\"ImageObject\",\"inLanguage\":\"de\",\"@id\":\"https:\\\/\\\/secure.gravatar.com\\\/avatar\\\/23b0f42f8f8b02457f451de7037de54608f3e55f3801314b0aaee449b8cc743b?s=96&d=mm&r=g\",\"url\":\"https:\\\/\\\/secure.gravatar.com\\\/avatar\\\/23b0f42f8f8b02457f451de7037de54608f3e55f3801314b0aaee449b8cc743b?s=96&d=mm&r=g\",\"contentUrl\":\"https:\\\/\\\/secure.gravatar.com\\\/avatar\\\/23b0f42f8f8b02457f451de7037de54608f3e55f3801314b0aaee449b8cc743b?s=96&d=mm&r=g\",\"caption\":\"chorschule\"},\"url\":\"https:\\\/\\\/chorschule-frechen.de\\\/de\\\/author\\\/chorschule\\\/\"}]}<\/script>\n<!-- \/ Yoast SEO plugin. -->","yoast_head_json":{"title":"Dritter Autoren-Gesangsworkshop von Oksana Dondyk - \u0412\u043e\u043a\u0430\u043b\u044c\u043d\u043e-\u0445\u043e\u0440\u043e\u0432\u0430 \u0448\u043a\u043e\u043b\u0430 \u041e\u043a\u0441\u0430\u043d\u0438 \u0414\u043e\u043d\u0434\u0438\u043a","description":"Am 24. Mai 2025 fand in K\u00f6ln der dritte Gesangsworkshop der Gesangs- und Chorschule von Oksana Dondyk statt.","robots":{"index":"index","follow":"follow","max-snippet":"max-snippet:-1","max-image-preview":"max-image-preview:large","max-video-preview":"max-video-preview:-1"},"canonical":"https:\/\/chorschule-frechen.de\/de\/atmung-im-einklang-mit-der-stimme\/","og_locale":"de_DE","og_type":"article","og_title":"Dritter Autoren-Gesangsworkshop von Oksana Dondyk - \u0412\u043e\u043a\u0430\u043b\u044c\u043d\u043e-\u0445\u043e\u0440\u043e\u0432\u0430 \u0448\u043a\u043e\u043b\u0430 \u041e\u043a\u0441\u0430\u043d\u0438 \u0414\u043e\u043d\u0434\u0438\u043a","og_description":"Am 24. Mai 2025 fand in K\u00f6ln der dritte Gesangsworkshop der Gesangs- und Chorschule von Oksana Dondyk statt.","og_url":"https:\/\/chorschule-frechen.de\/de\/atmung-im-einklang-mit-der-stimme\/","og_site_name":"\u0412\u043e\u043a\u0430\u043b\u044c\u043d\u043e-\u0445\u043e\u0440\u043e\u0432\u0430 \u0448\u043a\u043e\u043b\u0430 \u041e\u043a\u0441\u0430\u043d\u0438 \u0414\u043e\u043d\u0434\u0438\u043a","article_published_time":"2025-06-18T18:56:24+00:00","article_modified_time":"2025-06-18T20:51:55+00:00","og_image":[{"width":1024,"height":576,"url":"https:\/\/chorschule-frechen.de\/wp-content\/uploads\/2025\/06\/img_0642-1024x576.png","type":"image\/png"}],"author":"chorschule","twitter_card":"summary_large_image","twitter_misc":{"Verfasst von":"chorschule","Gesch\u00e4tzte Lesezeit":"3\u00a0Minuten"},"schema":{"@context":"https:\/\/schema.org","@graph":[{"@type":"Article","@id":"https:\/\/chorschule-frechen.de\/de\/atmung-im-einklang-mit-der-stimme\/#article","isPartOf":{"@id":"https:\/\/chorschule-frechen.de\/de\/atmung-im-einklang-mit-der-stimme\/"},"author":{"name":"chorschule","@id":"https:\/\/chorschule-frechen.de\/de\/#\/schema\/person\/2f39be9f15e3165e177bea9141afb9c0"},"headline":"Dritter Autoren-Gesangsworkshop von Oksana Dondyk","datePublished":"2025-06-18T18:56:24+00:00","dateModified":"2025-06-18T20:51:55+00:00","mainEntityOfPage":{"@id":"https:\/\/chorschule-frechen.de\/de\/atmung-im-einklang-mit-der-stimme\/"},"wordCount":432,"publisher":{"@id":"https:\/\/chorschule-frechen.de\/de\/#organization"},"image":{"@id":"https:\/\/chorschule-frechen.de\/de\/atmung-im-einklang-mit-der-stimme\/#primaryimage"},"thumbnailUrl":"https:\/\/chorschule-frechen.de\/wp-content\/uploads\/2025\/06\/img_0642.png","articleSection":["Neuigkeiten"],"inLanguage":"de"},{"@type":"WebPage","@id":"https:\/\/chorschule-frechen.de\/de\/atmung-im-einklang-mit-der-stimme\/","url":"https:\/\/chorschule-frechen.de\/de\/atmung-im-einklang-mit-der-stimme\/","name":"Dritter Autoren-Gesangsworkshop von Oksana Dondyk - \u0412\u043e\u043a\u0430\u043b\u044c\u043d\u043e-\u0445\u043e\u0440\u043e\u0432\u0430 \u0448\u043a\u043e\u043b\u0430 \u041e\u043a\u0441\u0430\u043d\u0438 \u0414\u043e\u043d\u0434\u0438\u043a","isPartOf":{"@id":"https:\/\/chorschule-frechen.de\/de\/#website"},"primaryImageOfPage":{"@id":"https:\/\/chorschule-frechen.de\/de\/atmung-im-einklang-mit-der-stimme\/#primaryimage"},"image":{"@id":"https:\/\/chorschule-frechen.de\/de\/atmung-im-einklang-mit-der-stimme\/#primaryimage"},"thumbnailUrl":"https:\/\/chorschule-frechen.de\/wp-content\/uploads\/2025\/06\/img_0642.png","datePublished":"2025-06-18T18:56:24+00:00","dateModified":"2025-06-18T20:51:55+00:00","description":"Am 24. Mai 2025 fand in K\u00f6ln der dritte Gesangsworkshop der Gesangs- und Chorschule von Oksana Dondyk statt.","breadcrumb":{"@id":"https:\/\/chorschule-frechen.de\/de\/atmung-im-einklang-mit-der-stimme\/#breadcrumb"},"inLanguage":"de","potentialAction":[{"@type":"ReadAction","target":["https:\/\/chorschule-frechen.de\/de\/atmung-im-einklang-mit-der-stimme\/"]}]},{"@type":"ImageObject","inLanguage":"de","@id":"https:\/\/chorschule-frechen.de\/de\/atmung-im-einklang-mit-der-stimme\/#primaryimage","url":"https:\/\/chorschule-frechen.de\/wp-content\/uploads\/2025\/06\/img_0642.png","contentUrl":"https:\/\/chorschule-frechen.de\/wp-content\/uploads\/2025\/06\/img_0642.png","width":1920,"height":1080,"caption":"Dritter Autoren-Gesangsworkshop von Oksana Dondyk"},{"@type":"BreadcrumbList","@id":"https:\/\/chorschule-frechen.de\/de\/atmung-im-einklang-mit-der-stimme\/#breadcrumb","itemListElement":[{"@type":"ListItem","position":1,"name":"\u0413\u043e\u043b\u043e\u0432\u043d\u0430","item":"https:\/\/chorschule-frechen.de\/de\/hauptseite\/"},{"@type":"ListItem","position":2,"name":"Dritter Autoren-Gesangsworkshop von Oksana Dondyk"}]},{"@type":"WebSite","@id":"https:\/\/chorschule-frechen.de\/de\/#website","url":"https:\/\/chorschule-frechen.de\/de\/","name":"\u0412\u043e\u043a\u0430\u043b\u044c\u043d\u043e-\u0445\u043e\u0440\u043e\u0432\u0430 \u0448\u043a\u043e\u043b\u0430 \u041e\u043a\u0441\u0430\u043d\u0438 \u0414\u043e\u043d\u0434\u0438\u043a","description":"\u0412\u043e\u043a\u0430\u043b\u044c\u043d\u043e-\u0445\u043e\u0440\u043e\u0432\u0430 \u0448\u043a\u043e\u043b\u0430 \u041e\u043a\u0441\u0430\u043d\u0438 \u0414\u043e\u043d\u0434\u0438\u043a","publisher":{"@id":"https:\/\/chorschule-frechen.de\/de\/#organization"},"potentialAction":[{"@type":"SearchAction","target":{"@type":"EntryPoint","urlTemplate":"https:\/\/chorschule-frechen.de\/de\/?s={search_term_string}"},"query-input":{"@type":"PropertyValueSpecification","valueRequired":true,"valueName":"search_term_string"}}],"inLanguage":"de"},{"@type":"Organization","@id":"https:\/\/chorschule-frechen.de\/de\/#organization","name":"\u0412\u043e\u043a\u0430\u043b\u044c\u043d\u043e-\u0445\u043e\u0440\u043e\u0432\u0430 \u0448\u043a\u043e\u043b\u0430 \u041e\u043a\u0441\u0430\u043d\u0438 \u0414\u043e\u043d\u0434\u0438\u043a","url":"https:\/\/chorschule-frechen.de\/de\/","logo":{"@type":"ImageObject","inLanguage":"de","@id":"https:\/\/chorschule-frechen.de\/de\/#\/schema\/logo\/image\/","url":"https:\/\/chorschule-frechen.de\/wp-content\/uploads\/2024\/09\/\u041c\u043e\u043d\u0442\u0430\u0436\u043d\u0430\u044f-\u043e\u0431\u043b\u0430\u0441\u0442\u044c-1-e1727349916239.png","contentUrl":"https:\/\/chorschule-frechen.de\/wp-content\/uploads\/2024\/09\/\u041c\u043e\u043d\u0442\u0430\u0436\u043d\u0430\u044f-\u043e\u0431\u043b\u0430\u0441\u0442\u044c-1-e1727349916239.png","width":597,"height":502,"caption":"\u0412\u043e\u043a\u0430\u043b\u044c\u043d\u043e-\u0445\u043e\u0440\u043e\u0432\u0430 \u0448\u043a\u043e\u043b\u0430 \u041e\u043a\u0441\u0430\u043d\u0438 \u0414\u043e\u043d\u0434\u0438\u043a"},"image":{"@id":"https:\/\/chorschule-frechen.de\/de\/#\/schema\/logo\/image\/"}},{"@type":"Person","@id":"https:\/\/chorschule-frechen.de\/de\/#\/schema\/person\/2f39be9f15e3165e177bea9141afb9c0","name":"chorschule","image":{"@type":"ImageObject","inLanguage":"de","@id":"https:\/\/secure.gravatar.com\/avatar\/23b0f42f8f8b02457f451de7037de54608f3e55f3801314b0aaee449b8cc743b?s=96&d=mm&r=g","url":"https:\/\/secure.gravatar.com\/avatar\/23b0f42f8f8b02457f451de7037de54608f3e55f3801314b0aaee449b8cc743b?s=96&d=mm&r=g","contentUrl":"https:\/\/secure.gravatar.com\/avatar\/23b0f42f8f8b02457f451de7037de54608f3e55f3801314b0aaee449b8cc743b?s=96&d=mm&r=g","caption":"chorschule"},"url":"https:\/\/chorschule-frechen.de\/de\/author\/chorschule\/"}]}},"_links":{"self":[{"href":"https:\/\/chorschule-frechen.de\/de\/wp-json\/wp\/v2\/posts\/6938","targetHints":{"allow":["GET"]}}],"collection":[{"href":"https:\/\/chorschule-frechen.de\/de\/wp-json\/wp\/v2\/posts"}],"about":[{"href":"https:\/\/chorschule-frechen.de\/de\/wp-json\/wp\/v2\/types\/post"}],"author":[{"embeddable":true,"href":"https:\/\/chorschule-frechen.de\/de\/wp-json\/wp\/v2\/users\/1"}],"replies":[{"embeddable":true,"href":"https:\/\/chorschule-frechen.de\/de\/wp-json\/wp\/v2\/comments?post=6938"}],"version-history":[{"count":8,"href":"https:\/\/chorschule-frechen.de\/de\/wp-json\/wp\/v2\/posts\/6938\/revisions"}],"predecessor-version":[{"id":6947,"href":"https:\/\/chorschule-frechen.de\/de\/wp-json\/wp\/v2\/posts\/6938\/revisions\/6947"}],"wp:featuredmedia":[{"embeddable":true,"href":"https:\/\/chorschule-frechen.de\/de\/wp-json\/wp\/v2\/media\/6900"}],"wp:attachment":[{"href":"https:\/\/chorschule-frechen.de\/de\/wp-json\/wp\/v2\/media?parent=6938"}],"wp:term":[{"taxonomy":"category","embeddable":true,"href":"https:\/\/chorschule-frechen.de\/de\/wp-json\/wp\/v2\/categories?post=6938"},{"taxonomy":"post_tag","embeddable":true,"href":"https:\/\/chorschule-frechen.de\/de\/wp-json\/wp\/v2\/tags?post=6938"}],"curies":[{"name":"wp","href":"https:\/\/api.w.org\/{rel}","templated":true}]}}