{"id":6845,"date":"2025-03-22T16:38:19","date_gmt":"2025-03-22T14:38:19","guid":{"rendered":"https:\/\/chorschule-frechen.de\/atem-stimme-meisterschaft\/"},"modified":"2025-03-22T17:24:55","modified_gmt":"2025-03-22T15:24:55","slug":"atem-stimme-meisterschaft","status":"publish","type":"post","link":"https:\/\/chorschule-frechen.de\/de\/atem-stimme-meisterschaft\/","title":{"rendered":"Atem, Stimme, Meisterschaft!"},"content":{"rendered":"\t\t<div data-elementor-type=\"wp-post\" data-elementor-id=\"6845\" class=\"elementor elementor-6845 elementor-6809\" data-elementor-post-type=\"post\">\n\t\t\t\t<div class=\"elementor-element elementor-element-16a44501 e-flex e-con-boxed e-con e-parent\" data-id=\"16a44501\" data-element_type=\"container\" data-e-type=\"container\">\n\t\t\t\t\t<div class=\"e-con-inner\">\n\t\t<div class=\"elementor-element elementor-element-354dfaf4 e-con-full e-flex e-con e-child\" data-id=\"354dfaf4\" data-element_type=\"container\" data-e-type=\"container\">\n\t\t<a class=\"elementor-element elementor-element-45d7d639 e-con-full wk-image-block e-flex e-con e-child\" data-id=\"45d7d639\" data-element_type=\"container\" data-e-type=\"container\" href=\"https:\/\/chorschule-frechen.de\/wp-content\/uploads\/2025\/03\/olya.png\">\n\t\t\t\t<div class=\"elementor-element elementor-element-531429ca wk-image elementor-widget elementor-widget-image\" data-id=\"531429ca\" data-element_type=\"widget\" data-e-type=\"widget\" data-widget_type=\"image.default\">\n\t\t\t\t<div class=\"elementor-widget-container\">\n\t\t\t\t\t\t\t\t\t\t\t\t\t\t\t<img fetchpriority=\"high\" decoding=\"async\" width=\"800\" height=\"450\" src=\"https:\/\/chorschule-frechen.de\/wp-content\/uploads\/2025\/03\/olya-1024x576.png\" class=\"attachment-large size-large wp-image-6812\" alt=\"Zweiter offener Gesangsworkshop\" srcset=\"https:\/\/chorschule-frechen.de\/wp-content\/uploads\/2025\/03\/olya-1024x576.png 1024w, https:\/\/chorschule-frechen.de\/wp-content\/uploads\/2025\/03\/olya-300x169.png 300w, https:\/\/chorschule-frechen.de\/wp-content\/uploads\/2025\/03\/olya-768x432.png 768w, https:\/\/chorschule-frechen.de\/wp-content\/uploads\/2025\/03\/olya-1536x864.png 1536w, https:\/\/chorschule-frechen.de\/wp-content\/uploads\/2025\/03\/olya.png 1920w\" sizes=\"(max-width: 800px) 100vw, 800px\" \/>\t\t\t\t\t\t\t\t\t\t\t\t\t\t\t<\/div>\n\t\t\t\t<\/div>\n\t\t\t\t<div class=\"elementor-element elementor-element-4bd86813 elementor-absolute wk-image-icon elementor-view-default elementor-widget elementor-widget-icon\" data-id=\"4bd86813\" data-element_type=\"widget\" data-e-type=\"widget\" data-settings=\"{&quot;_position&quot;:&quot;absolute&quot;}\" data-widget_type=\"icon.default\">\n\t\t\t\t<div class=\"elementor-widget-container\">\n\t\t\t\t\t\t\t<div class=\"elementor-icon-wrapper\">\n\t\t\t<div class=\"elementor-icon\">\n\t\t\t<svg aria-hidden=\"true\" class=\"e-font-icon-svg e-fas-search\" viewBox=\"0 0 512 512\" xmlns=\"http:\/\/www.w3.org\/2000\/svg\"><path d=\"M505 442.7L405.3 343c-4.5-4.5-10.6-7-17-7H372c27.6-35.3 44-79.7 44-128C416 93.1 322.9 0 208 0S0 93.1 0 208s93.1 208 208 208c48.3 0 92.7-16.4 128-44v16.3c0 6.4 2.5 12.5 7 17l99.7 99.7c9.4 9.4 24.6 9.4 33.9 0l28.3-28.3c9.4-9.4 9.4-24.6.1-34zM208 336c-70.7 0-128-57.2-128-128 0-70.7 57.2-128 128-128 70.7 0 128 57.2 128 128 0 70.7-57.2 128-128 128z\"><\/path><\/svg>\t\t\t<\/div>\n\t\t<\/div>\n\t\t\t\t\t\t<\/div>\n\t\t\t\t<\/div>\n\t\t<div class=\"elementor-element elementor-element-3c833abe e-con-full e-flex e-con e-child\" data-id=\"3c833abe\" data-element_type=\"container\" data-e-type=\"container\" data-settings=\"{&quot;background_background&quot;:&quot;classic&quot;,&quot;position&quot;:&quot;absolute&quot;}\">\n\t\t\t\t<div class=\"elementor-element elementor-element-ba742c8 wk-line elementor-widget elementor-widget-text-editor\" data-id=\"ba742c8\" data-element_type=\"widget\" data-e-type=\"widget\" data-widget_type=\"text-editor.default\">\n\t\t\t\t<div class=\"elementor-widget-container\">\n\t\t\t\t\t\t\t\t\tM\u00e4rz\t\t\t\t\t\t\t\t<\/div>\n\t\t\t\t<\/div>\n\t\t\t\t<div class=\"elementor-element elementor-element-3fea4f24 wk-line elementor-widget elementor-widget-text-editor\" data-id=\"3fea4f24\" data-element_type=\"widget\" data-e-type=\"widget\" data-widget_type=\"text-editor.default\">\n\t\t\t\t<div class=\"elementor-widget-container\">\n\t\t\t\t\t\t\t\t\t22\t\t\t\t\t\t\t\t<\/div>\n\t\t\t\t<\/div>\n\t\t\t\t<div class=\"elementor-element elementor-element-54705513 elementor-widget elementor-widget-text-editor\" data-id=\"54705513\" data-element_type=\"widget\" data-e-type=\"widget\" data-widget_type=\"text-editor.default\">\n\t\t\t\t<div class=\"elementor-widget-container\">\n\t\t\t\t\t\t\t\t\t2025\t\t\t\t\t\t\t\t<\/div>\n\t\t\t\t<\/div>\n\t\t\t\t<\/div>\n\t\t\t\t<\/a>\n\t\t\t\t<\/div>\n\t\t<div class=\"elementor-element elementor-element-67235d46 e-con-full e-flex e-con e-child\" data-id=\"67235d46\" data-element_type=\"container\" data-e-type=\"container\">\n\t\t\t\t<div class=\"elementor-element elementor-element-27fa0f10 elementor-widget elementor-widget-text-editor\" data-id=\"27fa0f10\" data-element_type=\"widget\" data-e-type=\"widget\" data-widget_type=\"text-editor.default\">\n\t\t\t\t<div class=\"elementor-widget-container\">\n\t\t\t\t\t\t\t\t\t<p>Am 15. M\u00e4rz hat in unserer Gesangs- und Chorschule der zweite offene Workshop \u201eAtemtechnik und ihre Auswirkungen auf die Stimme\u201c stattgefunden, der noch mehr Teilnehmer angezogen hat als der erste.<\/p>\n\t\t\t\t\t\t\t\t<\/div>\n\t\t\t\t<\/div>\n\t\t\t\t<div class=\"elementor-element elementor-element-4d802750 elementor-widget elementor-widget-text-editor\" data-id=\"4d802750\" data-element_type=\"widget\" data-e-type=\"widget\" data-widget_type=\"text-editor.default\">\n\t\t\t\t<div class=\"elementor-widget-container\">\n\t\t\t\t\t\t\t\t\t<p>Nach dem ersten Workshop, der auf gro\u00dfe Resonanz gesto\u00dfen ist und viele positive R\u00fcckmeldungen erhalten hat, ist das Interesse am Thema weiter gewachsen \u2013 und diese Veranstaltung war noch intensiver und inspirierender.<\/p>\n\t\t\t\t\t\t\t\t<\/div>\n\t\t\t\t<\/div>\n\t\t\t\t<\/div>\n\t\t\t\t\t<\/div>\n\t\t\t\t<\/div>\n\t\t<div class=\"elementor-element elementor-element-3aee337f e-flex e-con-boxed e-con e-parent\" data-id=\"3aee337f\" data-element_type=\"container\" data-e-type=\"container\">\n\t\t\t\t\t<div class=\"e-con-inner\">\n\t\t<div class=\"elementor-element elementor-element-18469f9f e-con-full e-flex e-con e-child\" data-id=\"18469f9f\" data-element_type=\"container\" data-e-type=\"container\">\n\t\t\t\t<div class=\"elementor-element elementor-element-5fb8c224 elementor-widget elementor-widget-text-editor\" data-id=\"5fb8c224\" data-element_type=\"widget\" data-e-type=\"widget\" data-widget_type=\"text-editor.default\">\n\t\t\t\t<div class=\"elementor-widget-container\">\n\t\t\t\t\t\t\t\t\t<p>Die Sch\u00fcler unserer Schule haben zum ersten Mal ihre Fortschritte vor Publikum pr\u00e4sentiert \u2013 ein bedeutender Schritt in ihrer gesanglichen Entwicklung. Die M\u00f6glichkeit, aufzutreten, Unterst\u00fctzung zu bekommen und wertvolle Tipps zu erhalten, hat ihnen nicht nur geholfen, Lampenfieber zu \u00fcberwinden, sondern war auch eine starke Motivation, weiterzumachen, sich weiterzuentwickeln und mit noch mehr Begeisterung zu lernen. Die kreative Atmosph\u00e4re, die mitrei\u00dfende Vermittlung der Inhalte und die lebendige Interaktion mit dem Publikum haben ein besonderes Gef\u00fchl von Gemeinschaft geschaffen \u2013 und jeden Moment des Workshops bedeutsam und bereichernd gemacht.  <\/p>\n<p>Ein besonderes Augenmerk lag auf dem theoretischen Teil, der eine wichtige Grundlage f\u00fcr das Verst\u00e4ndnis der Atemtechnik im Gesang gebildet hat. Der Stoff wurde klar und strukturiert vermittelt \u2013 mit Fokus auf die zentralen Aspekte: von der Physiologie der Atmung \u00fcber ihren Einfluss auf den Klang bis hin zur Dynamikkontrolle und stabilen Intonation. Das Bewusstsein daf\u00fcr, wie grundlegend die Atmung f\u00fcr einen sch\u00f6nen und sicheren Gesang ist, hat den Teilnehmern geholfen, die Prozesse beim Singen besser zu verstehen.  <\/p>\n<p>Dieses Wissen konnte direkt in die Praxis umgesetzt werden.<br \/>Bei der Live-Analyse hat der Gesangslehrer nicht nur auf Fehler hingewiesen, sondern auch konkrete Empfehlungen gegeben und erkl\u00e4rt, wie man richtig mit der Atmung arbeitet, damit die Stimme frei und kraftvoll klingt.  <\/p>\n\t\t\t\t\t\t\t\t<\/div>\n\t\t\t\t<\/div>\n\t\t\t\t<div class=\"elementor-element elementor-element-5bf9279d elementor-widget elementor-widget-gallery\" data-id=\"5bf9279d\" data-element_type=\"widget\" data-e-type=\"widget\" data-settings=\"{&quot;image_hover_animation&quot;:&quot;grow&quot;,&quot;gallery_layout&quot;:&quot;justified&quot;,&quot;lazyload&quot;:&quot;yes&quot;,&quot;ideal_row_height&quot;:{&quot;unit&quot;:&quot;px&quot;,&quot;size&quot;:200,&quot;sizes&quot;:[]},&quot;ideal_row_height_tablet&quot;:{&quot;unit&quot;:&quot;px&quot;,&quot;size&quot;:150,&quot;sizes&quot;:[]},&quot;ideal_row_height_mobile&quot;:{&quot;unit&quot;:&quot;px&quot;,&quot;size&quot;:150,&quot;sizes&quot;:[]},&quot;gap&quot;:{&quot;unit&quot;:&quot;px&quot;,&quot;size&quot;:10,&quot;sizes&quot;:[]},&quot;gap_tablet&quot;:{&quot;unit&quot;:&quot;px&quot;,&quot;size&quot;:10,&quot;sizes&quot;:[]},&quot;gap_mobile&quot;:{&quot;unit&quot;:&quot;px&quot;,&quot;size&quot;:10,&quot;sizes&quot;:[]},&quot;link_to&quot;:&quot;file&quot;,&quot;overlay_background&quot;:&quot;yes&quot;,&quot;content_hover_animation&quot;:&quot;fade-in&quot;}\" data-widget_type=\"gallery.default\">\n\t\t\t\t<div class=\"elementor-widget-container\">\n\t\t\t\t\t\t\t<div class=\"elementor-gallery__container\">\n\t\t\t\t\t\t\t<a class=\"e-gallery-item elementor-gallery-item elementor-animated-content\" href=\"https:\/\/chorschule-frechen.de\/wp-content\/uploads\/2025\/03\/img_7615.png\" data-elementor-open-lightbox=\"yes\" data-elementor-lightbox-slideshow=\"5bf9279d\" data-elementor-lightbox-title=\"IMG_7615\" data-e-action-hash=\"#elementor-action%3Aaction%3Dlightbox%26settings%3DeyJpZCI6NjgxNywidXJsIjoiaHR0cHM6XC9cL2Nob3JzY2h1bGUtZnJlY2hlbi5kZVwvd3AtY29udGVudFwvdXBsb2Fkc1wvMjAyNVwvMDNcL2ltZ183NjE1LnBuZyIsInNsaWRlc2hvdyI6IjViZjkyNzlkIn0%3D\">\n\t\t\t\t\t<div class=\"e-gallery-image elementor-gallery-item__image\" data-thumbnail=\"https:\/\/chorschule-frechen.de\/wp-content\/uploads\/2025\/03\/img_7615-300x169.png\" data-width=\"300\" data-height=\"169\" aria-label=\"\" role=\"img\" ><\/div>\n\t\t\t\t\t\t\t\t\t\t\t<div class=\"elementor-gallery-item__overlay\"><\/div>\n\t\t\t\t\t\t\t\t\t\t\t\t\t\t<\/a>\n\t\t\t\t\t\t\t<a class=\"e-gallery-item elementor-gallery-item elementor-animated-content\" href=\"https:\/\/chorschule-frechen.de\/wp-content\/uploads\/2025\/03\/img_7621.png\" data-elementor-open-lightbox=\"yes\" data-elementor-lightbox-slideshow=\"5bf9279d\" data-elementor-lightbox-title=\"IMG_7621\" data-e-action-hash=\"#elementor-action%3Aaction%3Dlightbox%26settings%3DeyJpZCI6NjgyNywidXJsIjoiaHR0cHM6XC9cL2Nob3JzY2h1bGUtZnJlY2hlbi5kZVwvd3AtY29udGVudFwvdXBsb2Fkc1wvMjAyNVwvMDNcL2ltZ183NjIxLnBuZyIsInNsaWRlc2hvdyI6IjViZjkyNzlkIn0%3D\">\n\t\t\t\t\t<div class=\"e-gallery-image elementor-gallery-item__image\" data-thumbnail=\"https:\/\/chorschule-frechen.de\/wp-content\/uploads\/2025\/03\/img_7621-300x169.png\" data-width=\"300\" data-height=\"169\" aria-label=\"\" role=\"img\" ><\/div>\n\t\t\t\t\t\t\t\t\t\t\t<div class=\"elementor-gallery-item__overlay\"><\/div>\n\t\t\t\t\t\t\t\t\t\t\t\t\t\t<\/a>\n\t\t\t\t\t\t\t<a class=\"e-gallery-item elementor-gallery-item elementor-animated-content\" href=\"https:\/\/chorschule-frechen.de\/wp-content\/uploads\/2025\/03\/img_7616.png\" data-elementor-open-lightbox=\"yes\" data-elementor-lightbox-slideshow=\"5bf9279d\" data-elementor-lightbox-title=\"IMG_7616\" data-elementor-lightbox-description=\"\u0414\u0440\u0443\u0433\u0438\u0439 \u0432\u0456\u0434\u043a\u0440\u0438\u0442\u0438\u0439 \u0432\u043e\u043a\u0430\u043b\u044c\u043d\u0438\u0439 \u043c\u0430\u0439\u0441\u0442\u0435\u0440-\u043a\u043b\u0430\u0441 \u0437 \u0442\u0435\u0445\u043d\u0456\u043a\u0438 \u0434\u0438\u0445\u0430\u043d\u043d\u044f \u0437\u0456\u0431\u0440\u0430\u0432 \u0449\u0435 \u0431\u0456\u043b\u044c\u0448\u0435 \u0443\u0447\u0430\u0441\u043d\u0438\u043a\u0456\u0432, \u043d\u0430\u0434\u0438\u0445\u043d\u0443\u0432 \u0457\u0445 \u043d\u0430 \u043d\u043e\u0432\u0456 \u0434\u043e\u0441\u044f\u0433\u043d\u0435\u043d\u043d\u044f \u0442\u0430 \u0434\u0430\u0432 \u0446\u0456\u043d\u043d\u0456 \u043f\u0440\u0430\u043a\u0442\u0438\u0447\u043d\u0456 \u043d\u0430\u0432\u0438\u0447\u043a\u0438.\" data-e-action-hash=\"#elementor-action%3Aaction%3Dlightbox%26settings%3DeyJpZCI6NjgxOSwidXJsIjoiaHR0cHM6XC9cL2Nob3JzY2h1bGUtZnJlY2hlbi5kZVwvd3AtY29udGVudFwvdXBsb2Fkc1wvMjAyNVwvMDNcL2ltZ183NjE2LnBuZyIsInNsaWRlc2hvdyI6IjViZjkyNzlkIn0%3D\">\n\t\t\t\t\t<div class=\"e-gallery-image elementor-gallery-item__image\" data-thumbnail=\"https:\/\/chorschule-frechen.de\/wp-content\/uploads\/2025\/03\/img_7616-300x169.png\" data-width=\"300\" data-height=\"169\" aria-label=\"\u0414\u0440\u0443\u0433\u0438\u0439 \u043c\u0430\u0439\u0441\u0442\u0435\u0440-\u043a\u043b\u0430\u0441 \u0437 \u0432\u043e\u043a\u0430\u043b\u0443 15.03.25\" role=\"img\" ><\/div>\n\t\t\t\t\t\t\t\t\t\t\t<div class=\"elementor-gallery-item__overlay\"><\/div>\n\t\t\t\t\t\t\t\t\t\t\t\t\t\t<\/a>\n\t\t\t\t\t<\/div>\n\t\t\t\t\t<\/div>\n\t\t\t\t<\/div>\n\t\t\t\t<div class=\"elementor-element elementor-element-614c2e87 elementor-widget elementor-widget-text-editor\" data-id=\"614c2e87\" data-element_type=\"widget\" data-e-type=\"widget\" data-widget_type=\"text-editor.default\">\n\t\t\t\t<div class=\"elementor-widget-container\">\n\t\t\t\t\t\t\t\t\t<p>Der praktische Teil hat es jedem erm\u00f6glicht, die vorgestellten Techniken selbst zu erleben \u2013 was das Lernen besonders effektiv gemacht hat.<\/p><p>Nach diesem erfolgreichen Workshop freuen wir uns, die n\u00e4chste Veranstaltung anzuk\u00fcndigen!<\/p><p>\ud83d\udcc5 \ud83d\udccd Am 24. Mai findet in K\u00f6ln, im TGR The Green Room (Niehler Str. 104, Eingang D, 2. OG, 50733 K\u00f6ln), ein weiterer Gesangs-Workshop statt.<\/p><p>Das ist eine wunderbare Gelegenheit, in die Welt des Gesangs einzutauchen, neue Techniken zu erlernen und wertvolle Impulse von erfahrenen Lehrkr\u00e4ften zu erhalten. <br \/>Wir freuen uns auf alle, die ihre Stimme weiterentwickeln, Neues lernen und mit mehr Selbstvertrauen singen m\u00f6chten!<\/p>\t\t\t\t\t\t\t\t<\/div>\n\t\t\t\t<\/div>\n\t\t\t\t<div class=\"elementor-element elementor-element-47bcbac4 elementor-widget elementor-widget-gallery\" data-id=\"47bcbac4\" data-element_type=\"widget\" data-e-type=\"widget\" data-settings=\"{&quot;image_hover_animation&quot;:&quot;grow&quot;,&quot;gallery_layout&quot;:&quot;justified&quot;,&quot;ideal_row_height&quot;:{&quot;unit&quot;:&quot;px&quot;,&quot;size&quot;:264,&quot;sizes&quot;:[]},&quot;gap&quot;:{&quot;unit&quot;:&quot;px&quot;,&quot;size&quot;:4,&quot;sizes&quot;:[]},&quot;lazyload&quot;:&quot;yes&quot;,&quot;ideal_row_height_tablet&quot;:{&quot;unit&quot;:&quot;px&quot;,&quot;size&quot;:150,&quot;sizes&quot;:[]},&quot;ideal_row_height_mobile&quot;:{&quot;unit&quot;:&quot;px&quot;,&quot;size&quot;:150,&quot;sizes&quot;:[]},&quot;gap_tablet&quot;:{&quot;unit&quot;:&quot;px&quot;,&quot;size&quot;:10,&quot;sizes&quot;:[]},&quot;gap_mobile&quot;:{&quot;unit&quot;:&quot;px&quot;,&quot;size&quot;:10,&quot;sizes&quot;:[]},&quot;link_to&quot;:&quot;file&quot;,&quot;overlay_background&quot;:&quot;yes&quot;,&quot;content_hover_animation&quot;:&quot;fade-in&quot;}\" data-widget_type=\"gallery.default\">\n\t\t\t\t<div class=\"elementor-widget-container\">\n\t\t\t\t\t\t\t<div class=\"elementor-gallery__container\">\n\t\t\t\t\t\t\t<a class=\"e-gallery-item elementor-gallery-item elementor-animated-content\" href=\"https:\/\/chorschule-frechen.de\/wp-content\/uploads\/2025\/03\/img_7624.png\" data-elementor-open-lightbox=\"yes\" data-elementor-lightbox-slideshow=\"47bcbac4\" data-elementor-lightbox-title=\"IMG_7624\" data-e-action-hash=\"#elementor-action%3Aaction%3Dlightbox%26settings%3DeyJpZCI6NjgyOSwidXJsIjoiaHR0cHM6XC9cL2Nob3JzY2h1bGUtZnJlY2hlbi5kZVwvd3AtY29udGVudFwvdXBsb2Fkc1wvMjAyNVwvMDNcL2ltZ183NjI0LnBuZyIsInNsaWRlc2hvdyI6IjQ3YmNiYWM0In0%3D\">\n\t\t\t\t\t<div class=\"e-gallery-image elementor-gallery-item__image\" data-thumbnail=\"https:\/\/chorschule-frechen.de\/wp-content\/uploads\/2025\/03\/img_7624-300x169.png\" data-width=\"300\" data-height=\"169\" aria-label=\"\" role=\"img\" ><\/div>\n\t\t\t\t\t\t\t\t\t\t\t<div class=\"elementor-gallery-item__overlay\"><\/div>\n\t\t\t\t\t\t\t\t\t\t\t\t\t\t<\/a>\n\t\t\t\t\t\t\t<a class=\"e-gallery-item elementor-gallery-item elementor-animated-content\" href=\"https:\/\/chorschule-frechen.de\/wp-content\/uploads\/2025\/03\/img_7617.png\" data-elementor-open-lightbox=\"yes\" data-elementor-lightbox-slideshow=\"47bcbac4\" data-elementor-lightbox-title=\"IMG_7617\" data-e-action-hash=\"#elementor-action%3Aaction%3Dlightbox%26settings%3DeyJpZCI6NjgyMSwidXJsIjoiaHR0cHM6XC9cL2Nob3JzY2h1bGUtZnJlY2hlbi5kZVwvd3AtY29udGVudFwvdXBsb2Fkc1wvMjAyNVwvMDNcL2ltZ183NjE3LnBuZyIsInNsaWRlc2hvdyI6IjQ3YmNiYWM0In0%3D\">\n\t\t\t\t\t<div class=\"e-gallery-image elementor-gallery-item__image\" data-thumbnail=\"https:\/\/chorschule-frechen.de\/wp-content\/uploads\/2025\/03\/img_7617-300x169.png\" data-width=\"300\" data-height=\"169\" aria-label=\"\" role=\"img\" ><\/div>\n\t\t\t\t\t\t\t\t\t\t\t<div class=\"elementor-gallery-item__overlay\"><\/div>\n\t\t\t\t\t\t\t\t\t\t\t\t\t\t<\/a>\n\t\t\t\t\t\t\t<a class=\"e-gallery-item elementor-gallery-item elementor-animated-content\" href=\"https:\/\/chorschule-frechen.de\/wp-content\/uploads\/2025\/03\/img_7613.png\" data-elementor-open-lightbox=\"yes\" data-elementor-lightbox-slideshow=\"47bcbac4\" data-elementor-lightbox-title=\"IMG_7613\" data-e-action-hash=\"#elementor-action%3Aaction%3Dlightbox%26settings%3DeyJpZCI6NjgxNSwidXJsIjoiaHR0cHM6XC9cL2Nob3JzY2h1bGUtZnJlY2hlbi5kZVwvd3AtY29udGVudFwvdXBsb2Fkc1wvMjAyNVwvMDNcL2ltZ183NjEzLnBuZyIsInNsaWRlc2hvdyI6IjQ3YmNiYWM0In0%3D\">\n\t\t\t\t\t<div class=\"e-gallery-image elementor-gallery-item__image\" data-thumbnail=\"https:\/\/chorschule-frechen.de\/wp-content\/uploads\/2025\/03\/img_7613-300x169.png\" data-width=\"300\" data-height=\"169\" aria-label=\"\" role=\"img\" ><\/div>\n\t\t\t\t\t\t\t\t\t\t\t<div class=\"elementor-gallery-item__overlay\"><\/div>\n\t\t\t\t\t\t\t\t\t\t\t\t\t\t<\/a>\n\t\t\t\t\t\t\t<a class=\"e-gallery-item elementor-gallery-item elementor-animated-content\" href=\"https:\/\/chorschule-frechen.de\/wp-content\/uploads\/2025\/03\/olya.png\" data-elementor-open-lightbox=\"yes\" data-elementor-lightbox-slideshow=\"47bcbac4\" data-elementor-lightbox-title=\"Zweiter offener Gesangsworkshop\" data-elementor-lightbox-description=\"Am 15. M\u00e4rz hat in unserer Gesangs- und Chorschule der zweite offene Workshop \u201eAtemtechnik und ihre Auswirkungen auf die Stimme\u201c stattgefunden, der noch mehr Teilnehmer angezogen hat als der erste. \n\" data-e-action-hash=\"#elementor-action%3Aaction%3Dlightbox%26settings%3DeyJpZCI6NjgxMiwidXJsIjoiaHR0cHM6XC9cL2Nob3JzY2h1bGUtZnJlY2hlbi5kZVwvd3AtY29udGVudFwvdXBsb2Fkc1wvMjAyNVwvMDNcL29seWEucG5nIiwic2xpZGVzaG93IjoiNDdiY2JhYzQifQ%3D%3D\">\n\t\t\t\t\t<div class=\"e-gallery-image elementor-gallery-item__image\" data-thumbnail=\"https:\/\/chorschule-frechen.de\/wp-content\/uploads\/2025\/03\/olya-300x169.png\" data-width=\"300\" data-height=\"169\" aria-label=\"Zweiter offener Gesangsworkshop\" role=\"img\" ><\/div>\n\t\t\t\t\t\t\t\t\t\t\t<div class=\"elementor-gallery-item__overlay\"><\/div>\n\t\t\t\t\t\t\t\t\t\t\t\t\t\t<\/a>\n\t\t\t\t\t\t\t<a class=\"e-gallery-item elementor-gallery-item elementor-animated-content\" href=\"https:\/\/chorschule-frechen.de\/wp-content\/uploads\/2025\/03\/img_7620.png\" data-elementor-open-lightbox=\"yes\" data-elementor-lightbox-slideshow=\"47bcbac4\" data-elementor-lightbox-title=\"IMG_7620\" data-e-action-hash=\"#elementor-action%3Aaction%3Dlightbox%26settings%3DeyJpZCI6NjgyNSwidXJsIjoiaHR0cHM6XC9cL2Nob3JzY2h1bGUtZnJlY2hlbi5kZVwvd3AtY29udGVudFwvdXBsb2Fkc1wvMjAyNVwvMDNcL2ltZ183NjIwLnBuZyIsInNsaWRlc2hvdyI6IjQ3YmNiYWM0In0%3D\">\n\t\t\t\t\t<div class=\"e-gallery-image elementor-gallery-item__image\" data-thumbnail=\"https:\/\/chorschule-frechen.de\/wp-content\/uploads\/2025\/03\/img_7620-300x169.png\" data-width=\"300\" data-height=\"169\" aria-label=\"\" role=\"img\" ><\/div>\n\t\t\t\t\t\t\t\t\t\t\t<div class=\"elementor-gallery-item__overlay\"><\/div>\n\t\t\t\t\t\t\t\t\t\t\t\t\t\t<\/a>\n\t\t\t\t\t\t\t<a class=\"e-gallery-item elementor-gallery-item elementor-animated-content\" href=\"https:\/\/chorschule-frechen.de\/wp-content\/uploads\/2025\/03\/1-2.png\" data-elementor-open-lightbox=\"yes\" data-elementor-lightbox-slideshow=\"47bcbac4\" data-elementor-lightbox-title=\"1\" data-e-action-hash=\"#elementor-action%3Aaction%3Dlightbox%26settings%3DeyJpZCI6Njg4OSwidXJsIjoiaHR0cHM6XC9cL2Nob3JzY2h1bGUtZnJlY2hlbi5kZVwvd3AtY29udGVudFwvdXBsb2Fkc1wvMjAyNVwvMDNcLzEtMi5wbmciLCJzbGlkZXNob3ciOiI0N2JjYmFjNCJ9\">\n\t\t\t\t\t<div class=\"e-gallery-image elementor-gallery-item__image\" data-thumbnail=\"https:\/\/chorschule-frechen.de\/wp-content\/uploads\/2025\/03\/1-2-300x169.png\" data-width=\"300\" data-height=\"169\" aria-label=\"\" role=\"img\" ><\/div>\n\t\t\t\t\t\t\t\t\t\t\t<div class=\"elementor-gallery-item__overlay\"><\/div>\n\t\t\t\t\t\t\t\t\t\t\t\t\t\t<\/a>\n\t\t\t\t\t<\/div>\n\t\t\t\t\t<\/div>\n\t\t\t\t<\/div>\n\t\t\t\t<\/div>\n\t\t\t\t\t<\/div>\n\t\t\t\t<\/div>\n\t\t\t\t<\/div>\n\t\t","protected":false},"excerpt":{"rendered":"<p>Der zweite offene Gesangsworkshop zur Atemtechnik zog noch mehr Teilnehmer an, inspirierte sie zu neuen Erfolgen und vermittelte wertvolle praktische F\u00e4higkeiten. Verpassen Sie nicht die n\u00e4chste Gelegenheit, Ihren Gesang zu verbessern \u2013 nehmen Sie am Workshop am 24. Mai in K\u00f6ln teil! <\/p>\n","protected":false},"author":1,"featured_media":6812,"comment_status":"closed","ping_status":"closed","sticky":false,"template":"","format":"standard","meta":{"footnotes":""},"categories":[8],"tags":[],"class_list":["post-6845","post","type-post","status-publish","format-standard","has-post-thumbnail","hentry","category-neuigkeiten"],"yoast_head":"<!-- This site is optimized with the Yoast SEO plugin v27.5 - https:\/\/yoast.com\/product\/yoast-seo-wordpress\/ -->\n<title>Atem, Stimme, Meisterschaft! - \u0412\u043e\u043a\u0430\u043b\u044c\u043d\u043e-\u0445\u043e\u0440\u043e\u0432\u0430 \u0448\u043a\u043e\u043b\u0430 \u041e\u043a\u0441\u0430\u043d\u0438 \u0414\u043e\u043d\u0434\u0438\u043a<\/title>\n<meta name=\"description\" content=\"Der zweite offene Gesangsworkshop zur Atemtechnik zog noch mehr Teilnehmer an, inspirierte sie zu neuen Erfolgen und vermittelte wertvolle praktische F\u00e4higkeiten.\" \/>\n<meta name=\"robots\" content=\"index, follow, max-snippet:-1, max-image-preview:large, max-video-preview:-1\" \/>\n<link rel=\"canonical\" href=\"https:\/\/chorschule-frechen.de\/de\/atem-stimme-meisterschaft\/\" \/>\n<meta property=\"og:locale\" content=\"de_DE\" \/>\n<meta property=\"og:type\" content=\"article\" \/>\n<meta property=\"og:title\" content=\"Atem, Stimme, Meisterschaft! - \u0412\u043e\u043a\u0430\u043b\u044c\u043d\u043e-\u0445\u043e\u0440\u043e\u0432\u0430 \u0448\u043a\u043e\u043b\u0430 \u041e\u043a\u0441\u0430\u043d\u0438 \u0414\u043e\u043d\u0434\u0438\u043a\" \/>\n<meta property=\"og:description\" content=\"Der zweite offene Gesangsworkshop zur Atemtechnik zog noch mehr Teilnehmer an, inspirierte sie zu neuen Erfolgen und vermittelte wertvolle praktische F\u00e4higkeiten.\" \/>\n<meta property=\"og:url\" content=\"https:\/\/chorschule-frechen.de\/de\/atem-stimme-meisterschaft\/\" \/>\n<meta property=\"og:site_name\" content=\"\u0412\u043e\u043a\u0430\u043b\u044c\u043d\u043e-\u0445\u043e\u0440\u043e\u0432\u0430 \u0448\u043a\u043e\u043b\u0430 \u041e\u043a\u0441\u0430\u043d\u0438 \u0414\u043e\u043d\u0434\u0438\u043a\" \/>\n<meta property=\"article:published_time\" content=\"2025-03-22T14:38:19+00:00\" \/>\n<meta property=\"article:modified_time\" content=\"2025-03-22T15:24:55+00:00\" \/>\n<meta property=\"og:image\" content=\"https:\/\/chorschule-frechen.de\/wp-content\/uploads\/2025\/03\/olya-1024x576.png\" \/>\n\t<meta property=\"og:image:width\" content=\"1024\" \/>\n\t<meta property=\"og:image:height\" content=\"576\" \/>\n\t<meta property=\"og:image:type\" content=\"image\/png\" \/>\n<meta name=\"author\" content=\"chorschule\" \/>\n<meta name=\"twitter:card\" content=\"summary_large_image\" \/>\n<meta name=\"twitter:label1\" content=\"Verfasst von\" \/>\n\t<meta name=\"twitter:data1\" content=\"chorschule\" \/>\n\t<meta name=\"twitter:label2\" content=\"Gesch\u00e4tzte Lesezeit\" \/>\n\t<meta name=\"twitter:data2\" content=\"3\u00a0Minuten\" \/>\n<script type=\"application\/ld+json\" class=\"yoast-schema-graph\">{\"@context\":\"https:\\\/\\\/schema.org\",\"@graph\":[{\"@type\":\"Article\",\"@id\":\"https:\\\/\\\/chorschule-frechen.de\\\/de\\\/atem-stimme-meisterschaft\\\/#article\",\"isPartOf\":{\"@id\":\"https:\\\/\\\/chorschule-frechen.de\\\/de\\\/atem-stimme-meisterschaft\\\/\"},\"author\":{\"name\":\"chorschule\",\"@id\":\"https:\\\/\\\/chorschule-frechen.de\\\/de\\\/#\\\/schema\\\/person\\\/2f39be9f15e3165e177bea9141afb9c0\"},\"headline\":\"Atem, Stimme, Meisterschaft!\",\"datePublished\":\"2025-03-22T14:38:19+00:00\",\"dateModified\":\"2025-03-22T15:24:55+00:00\",\"mainEntityOfPage\":{\"@id\":\"https:\\\/\\\/chorschule-frechen.de\\\/de\\\/atem-stimme-meisterschaft\\\/\"},\"wordCount\":388,\"publisher\":{\"@id\":\"https:\\\/\\\/chorschule-frechen.de\\\/de\\\/#organization\"},\"image\":{\"@id\":\"https:\\\/\\\/chorschule-frechen.de\\\/de\\\/atem-stimme-meisterschaft\\\/#primaryimage\"},\"thumbnailUrl\":\"https:\\\/\\\/chorschule-frechen.de\\\/wp-content\\\/uploads\\\/2025\\\/03\\\/olya.png\",\"articleSection\":[\"Neuigkeiten\"],\"inLanguage\":\"de\"},{\"@type\":\"WebPage\",\"@id\":\"https:\\\/\\\/chorschule-frechen.de\\\/de\\\/atem-stimme-meisterschaft\\\/\",\"url\":\"https:\\\/\\\/chorschule-frechen.de\\\/de\\\/atem-stimme-meisterschaft\\\/\",\"name\":\"Atem, Stimme, Meisterschaft! - \u0412\u043e\u043a\u0430\u043b\u044c\u043d\u043e-\u0445\u043e\u0440\u043e\u0432\u0430 \u0448\u043a\u043e\u043b\u0430 \u041e\u043a\u0441\u0430\u043d\u0438 \u0414\u043e\u043d\u0434\u0438\u043a\",\"isPartOf\":{\"@id\":\"https:\\\/\\\/chorschule-frechen.de\\\/de\\\/#website\"},\"primaryImageOfPage\":{\"@id\":\"https:\\\/\\\/chorschule-frechen.de\\\/de\\\/atem-stimme-meisterschaft\\\/#primaryimage\"},\"image\":{\"@id\":\"https:\\\/\\\/chorschule-frechen.de\\\/de\\\/atem-stimme-meisterschaft\\\/#primaryimage\"},\"thumbnailUrl\":\"https:\\\/\\\/chorschule-frechen.de\\\/wp-content\\\/uploads\\\/2025\\\/03\\\/olya.png\",\"datePublished\":\"2025-03-22T14:38:19+00:00\",\"dateModified\":\"2025-03-22T15:24:55+00:00\",\"description\":\"Der zweite offene Gesangsworkshop zur Atemtechnik zog noch mehr Teilnehmer an, inspirierte sie zu neuen Erfolgen und vermittelte wertvolle praktische F\u00e4higkeiten.\",\"breadcrumb\":{\"@id\":\"https:\\\/\\\/chorschule-frechen.de\\\/de\\\/atem-stimme-meisterschaft\\\/#breadcrumb\"},\"inLanguage\":\"de\",\"potentialAction\":[{\"@type\":\"ReadAction\",\"target\":[\"https:\\\/\\\/chorschule-frechen.de\\\/de\\\/atem-stimme-meisterschaft\\\/\"]}]},{\"@type\":\"ImageObject\",\"inLanguage\":\"de\",\"@id\":\"https:\\\/\\\/chorschule-frechen.de\\\/de\\\/atem-stimme-meisterschaft\\\/#primaryimage\",\"url\":\"https:\\\/\\\/chorschule-frechen.de\\\/wp-content\\\/uploads\\\/2025\\\/03\\\/olya.png\",\"contentUrl\":\"https:\\\/\\\/chorschule-frechen.de\\\/wp-content\\\/uploads\\\/2025\\\/03\\\/olya.png\",\"width\":1920,\"height\":1080,\"caption\":\"Zweiter offener Gesangsmeisterkurs 15.03.25\"},{\"@type\":\"BreadcrumbList\",\"@id\":\"https:\\\/\\\/chorschule-frechen.de\\\/de\\\/atem-stimme-meisterschaft\\\/#breadcrumb\",\"itemListElement\":[{\"@type\":\"ListItem\",\"position\":1,\"name\":\"\u0413\u043e\u043b\u043e\u0432\u043d\u0430\",\"item\":\"https:\\\/\\\/chorschule-frechen.de\\\/de\\\/hauptseite\\\/\"},{\"@type\":\"ListItem\",\"position\":2,\"name\":\"Atem, Stimme, Meisterschaft!\"}]},{\"@type\":\"WebSite\",\"@id\":\"https:\\\/\\\/chorschule-frechen.de\\\/de\\\/#website\",\"url\":\"https:\\\/\\\/chorschule-frechen.de\\\/de\\\/\",\"name\":\"\u0412\u043e\u043a\u0430\u043b\u044c\u043d\u043e-\u0445\u043e\u0440\u043e\u0432\u0430 \u0448\u043a\u043e\u043b\u0430 \u041e\u043a\u0441\u0430\u043d\u0438 \u0414\u043e\u043d\u0434\u0438\u043a\",\"description\":\"\u0412\u043e\u043a\u0430\u043b\u044c\u043d\u043e-\u0445\u043e\u0440\u043e\u0432\u0430 \u0448\u043a\u043e\u043b\u0430 \u041e\u043a\u0441\u0430\u043d\u0438 \u0414\u043e\u043d\u0434\u0438\u043a\",\"publisher\":{\"@id\":\"https:\\\/\\\/chorschule-frechen.de\\\/de\\\/#organization\"},\"potentialAction\":[{\"@type\":\"SearchAction\",\"target\":{\"@type\":\"EntryPoint\",\"urlTemplate\":\"https:\\\/\\\/chorschule-frechen.de\\\/de\\\/?s={search_term_string}\"},\"query-input\":{\"@type\":\"PropertyValueSpecification\",\"valueRequired\":true,\"valueName\":\"search_term_string\"}}],\"inLanguage\":\"de\"},{\"@type\":\"Organization\",\"@id\":\"https:\\\/\\\/chorschule-frechen.de\\\/de\\\/#organization\",\"name\":\"\u0412\u043e\u043a\u0430\u043b\u044c\u043d\u043e-\u0445\u043e\u0440\u043e\u0432\u0430 \u0448\u043a\u043e\u043b\u0430 \u041e\u043a\u0441\u0430\u043d\u0438 \u0414\u043e\u043d\u0434\u0438\u043a\",\"url\":\"https:\\\/\\\/chorschule-frechen.de\\\/de\\\/\",\"logo\":{\"@type\":\"ImageObject\",\"inLanguage\":\"de\",\"@id\":\"https:\\\/\\\/chorschule-frechen.de\\\/de\\\/#\\\/schema\\\/logo\\\/image\\\/\",\"url\":\"https:\\\/\\\/chorschule-frechen.de\\\/wp-content\\\/uploads\\\/2024\\\/09\\\/\u041c\u043e\u043d\u0442\u0430\u0436\u043d\u0430\u044f-\u043e\u0431\u043b\u0430\u0441\u0442\u044c-1-e1727349916239.png\",\"contentUrl\":\"https:\\\/\\\/chorschule-frechen.de\\\/wp-content\\\/uploads\\\/2024\\\/09\\\/\u041c\u043e\u043d\u0442\u0430\u0436\u043d\u0430\u044f-\u043e\u0431\u043b\u0430\u0441\u0442\u044c-1-e1727349916239.png\",\"width\":597,\"height\":502,\"caption\":\"\u0412\u043e\u043a\u0430\u043b\u044c\u043d\u043e-\u0445\u043e\u0440\u043e\u0432\u0430 \u0448\u043a\u043e\u043b\u0430 \u041e\u043a\u0441\u0430\u043d\u0438 \u0414\u043e\u043d\u0434\u0438\u043a\"},\"image\":{\"@id\":\"https:\\\/\\\/chorschule-frechen.de\\\/de\\\/#\\\/schema\\\/logo\\\/image\\\/\"}},{\"@type\":\"Person\",\"@id\":\"https:\\\/\\\/chorschule-frechen.de\\\/de\\\/#\\\/schema\\\/person\\\/2f39be9f15e3165e177bea9141afb9c0\",\"name\":\"chorschule\",\"image\":{\"@type\":\"ImageObject\",\"inLanguage\":\"de\",\"@id\":\"https:\\\/\\\/secure.gravatar.com\\\/avatar\\\/23b0f42f8f8b02457f451de7037de54608f3e55f3801314b0aaee449b8cc743b?s=96&d=mm&r=g\",\"url\":\"https:\\\/\\\/secure.gravatar.com\\\/avatar\\\/23b0f42f8f8b02457f451de7037de54608f3e55f3801314b0aaee449b8cc743b?s=96&d=mm&r=g\",\"contentUrl\":\"https:\\\/\\\/secure.gravatar.com\\\/avatar\\\/23b0f42f8f8b02457f451de7037de54608f3e55f3801314b0aaee449b8cc743b?s=96&d=mm&r=g\",\"caption\":\"chorschule\"},\"url\":\"https:\\\/\\\/chorschule-frechen.de\\\/de\\\/author\\\/chorschule\\\/\"}]}<\/script>\n<!-- \/ Yoast SEO plugin. -->","yoast_head_json":{"title":"Atem, Stimme, Meisterschaft! - \u0412\u043e\u043a\u0430\u043b\u044c\u043d\u043e-\u0445\u043e\u0440\u043e\u0432\u0430 \u0448\u043a\u043e\u043b\u0430 \u041e\u043a\u0441\u0430\u043d\u0438 \u0414\u043e\u043d\u0434\u0438\u043a","description":"Der zweite offene Gesangsworkshop zur Atemtechnik zog noch mehr Teilnehmer an, inspirierte sie zu neuen Erfolgen und vermittelte wertvolle praktische F\u00e4higkeiten.","robots":{"index":"index","follow":"follow","max-snippet":"max-snippet:-1","max-image-preview":"max-image-preview:large","max-video-preview":"max-video-preview:-1"},"canonical":"https:\/\/chorschule-frechen.de\/de\/atem-stimme-meisterschaft\/","og_locale":"de_DE","og_type":"article","og_title":"Atem, Stimme, Meisterschaft! - \u0412\u043e\u043a\u0430\u043b\u044c\u043d\u043e-\u0445\u043e\u0440\u043e\u0432\u0430 \u0448\u043a\u043e\u043b\u0430 \u041e\u043a\u0441\u0430\u043d\u0438 \u0414\u043e\u043d\u0434\u0438\u043a","og_description":"Der zweite offene Gesangsworkshop zur Atemtechnik zog noch mehr Teilnehmer an, inspirierte sie zu neuen Erfolgen und vermittelte wertvolle praktische F\u00e4higkeiten.","og_url":"https:\/\/chorschule-frechen.de\/de\/atem-stimme-meisterschaft\/","og_site_name":"\u0412\u043e\u043a\u0430\u043b\u044c\u043d\u043e-\u0445\u043e\u0440\u043e\u0432\u0430 \u0448\u043a\u043e\u043b\u0430 \u041e\u043a\u0441\u0430\u043d\u0438 \u0414\u043e\u043d\u0434\u0438\u043a","article_published_time":"2025-03-22T14:38:19+00:00","article_modified_time":"2025-03-22T15:24:55+00:00","og_image":[{"width":1024,"height":576,"url":"https:\/\/chorschule-frechen.de\/wp-content\/uploads\/2025\/03\/olya-1024x576.png","type":"image\/png"}],"author":"chorschule","twitter_card":"summary_large_image","twitter_misc":{"Verfasst von":"chorschule","Gesch\u00e4tzte Lesezeit":"3\u00a0Minuten"},"schema":{"@context":"https:\/\/schema.org","@graph":[{"@type":"Article","@id":"https:\/\/chorschule-frechen.de\/de\/atem-stimme-meisterschaft\/#article","isPartOf":{"@id":"https:\/\/chorschule-frechen.de\/de\/atem-stimme-meisterschaft\/"},"author":{"name":"chorschule","@id":"https:\/\/chorschule-frechen.de\/de\/#\/schema\/person\/2f39be9f15e3165e177bea9141afb9c0"},"headline":"Atem, Stimme, Meisterschaft!","datePublished":"2025-03-22T14:38:19+00:00","dateModified":"2025-03-22T15:24:55+00:00","mainEntityOfPage":{"@id":"https:\/\/chorschule-frechen.de\/de\/atem-stimme-meisterschaft\/"},"wordCount":388,"publisher":{"@id":"https:\/\/chorschule-frechen.de\/de\/#organization"},"image":{"@id":"https:\/\/chorschule-frechen.de\/de\/atem-stimme-meisterschaft\/#primaryimage"},"thumbnailUrl":"https:\/\/chorschule-frechen.de\/wp-content\/uploads\/2025\/03\/olya.png","articleSection":["Neuigkeiten"],"inLanguage":"de"},{"@type":"WebPage","@id":"https:\/\/chorschule-frechen.de\/de\/atem-stimme-meisterschaft\/","url":"https:\/\/chorschule-frechen.de\/de\/atem-stimme-meisterschaft\/","name":"Atem, Stimme, Meisterschaft! - \u0412\u043e\u043a\u0430\u043b\u044c\u043d\u043e-\u0445\u043e\u0440\u043e\u0432\u0430 \u0448\u043a\u043e\u043b\u0430 \u041e\u043a\u0441\u0430\u043d\u0438 \u0414\u043e\u043d\u0434\u0438\u043a","isPartOf":{"@id":"https:\/\/chorschule-frechen.de\/de\/#website"},"primaryImageOfPage":{"@id":"https:\/\/chorschule-frechen.de\/de\/atem-stimme-meisterschaft\/#primaryimage"},"image":{"@id":"https:\/\/chorschule-frechen.de\/de\/atem-stimme-meisterschaft\/#primaryimage"},"thumbnailUrl":"https:\/\/chorschule-frechen.de\/wp-content\/uploads\/2025\/03\/olya.png","datePublished":"2025-03-22T14:38:19+00:00","dateModified":"2025-03-22T15:24:55+00:00","description":"Der zweite offene Gesangsworkshop zur Atemtechnik zog noch mehr Teilnehmer an, inspirierte sie zu neuen Erfolgen und vermittelte wertvolle praktische F\u00e4higkeiten.","breadcrumb":{"@id":"https:\/\/chorschule-frechen.de\/de\/atem-stimme-meisterschaft\/#breadcrumb"},"inLanguage":"de","potentialAction":[{"@type":"ReadAction","target":["https:\/\/chorschule-frechen.de\/de\/atem-stimme-meisterschaft\/"]}]},{"@type":"ImageObject","inLanguage":"de","@id":"https:\/\/chorschule-frechen.de\/de\/atem-stimme-meisterschaft\/#primaryimage","url":"https:\/\/chorschule-frechen.de\/wp-content\/uploads\/2025\/03\/olya.png","contentUrl":"https:\/\/chorschule-frechen.de\/wp-content\/uploads\/2025\/03\/olya.png","width":1920,"height":1080,"caption":"Zweiter offener Gesangsmeisterkurs 15.03.25"},{"@type":"BreadcrumbList","@id":"https:\/\/chorschule-frechen.de\/de\/atem-stimme-meisterschaft\/#breadcrumb","itemListElement":[{"@type":"ListItem","position":1,"name":"\u0413\u043e\u043b\u043e\u0432\u043d\u0430","item":"https:\/\/chorschule-frechen.de\/de\/hauptseite\/"},{"@type":"ListItem","position":2,"name":"Atem, Stimme, Meisterschaft!"}]},{"@type":"WebSite","@id":"https:\/\/chorschule-frechen.de\/de\/#website","url":"https:\/\/chorschule-frechen.de\/de\/","name":"\u0412\u043e\u043a\u0430\u043b\u044c\u043d\u043e-\u0445\u043e\u0440\u043e\u0432\u0430 \u0448\u043a\u043e\u043b\u0430 \u041e\u043a\u0441\u0430\u043d\u0438 \u0414\u043e\u043d\u0434\u0438\u043a","description":"\u0412\u043e\u043a\u0430\u043b\u044c\u043d\u043e-\u0445\u043e\u0440\u043e\u0432\u0430 \u0448\u043a\u043e\u043b\u0430 \u041e\u043a\u0441\u0430\u043d\u0438 \u0414\u043e\u043d\u0434\u0438\u043a","publisher":{"@id":"https:\/\/chorschule-frechen.de\/de\/#organization"},"potentialAction":[{"@type":"SearchAction","target":{"@type":"EntryPoint","urlTemplate":"https:\/\/chorschule-frechen.de\/de\/?s={search_term_string}"},"query-input":{"@type":"PropertyValueSpecification","valueRequired":true,"valueName":"search_term_string"}}],"inLanguage":"de"},{"@type":"Organization","@id":"https:\/\/chorschule-frechen.de\/de\/#organization","name":"\u0412\u043e\u043a\u0430\u043b\u044c\u043d\u043e-\u0445\u043e\u0440\u043e\u0432\u0430 \u0448\u043a\u043e\u043b\u0430 \u041e\u043a\u0441\u0430\u043d\u0438 \u0414\u043e\u043d\u0434\u0438\u043a","url":"https:\/\/chorschule-frechen.de\/de\/","logo":{"@type":"ImageObject","inLanguage":"de","@id":"https:\/\/chorschule-frechen.de\/de\/#\/schema\/logo\/image\/","url":"https:\/\/chorschule-frechen.de\/wp-content\/uploads\/2024\/09\/\u041c\u043e\u043d\u0442\u0430\u0436\u043d\u0430\u044f-\u043e\u0431\u043b\u0430\u0441\u0442\u044c-1-e1727349916239.png","contentUrl":"https:\/\/chorschule-frechen.de\/wp-content\/uploads\/2024\/09\/\u041c\u043e\u043d\u0442\u0430\u0436\u043d\u0430\u044f-\u043e\u0431\u043b\u0430\u0441\u0442\u044c-1-e1727349916239.png","width":597,"height":502,"caption":"\u0412\u043e\u043a\u0430\u043b\u044c\u043d\u043e-\u0445\u043e\u0440\u043e\u0432\u0430 \u0448\u043a\u043e\u043b\u0430 \u041e\u043a\u0441\u0430\u043d\u0438 \u0414\u043e\u043d\u0434\u0438\u043a"},"image":{"@id":"https:\/\/chorschule-frechen.de\/de\/#\/schema\/logo\/image\/"}},{"@type":"Person","@id":"https:\/\/chorschule-frechen.de\/de\/#\/schema\/person\/2f39be9f15e3165e177bea9141afb9c0","name":"chorschule","image":{"@type":"ImageObject","inLanguage":"de","@id":"https:\/\/secure.gravatar.com\/avatar\/23b0f42f8f8b02457f451de7037de54608f3e55f3801314b0aaee449b8cc743b?s=96&d=mm&r=g","url":"https:\/\/secure.gravatar.com\/avatar\/23b0f42f8f8b02457f451de7037de54608f3e55f3801314b0aaee449b8cc743b?s=96&d=mm&r=g","contentUrl":"https:\/\/secure.gravatar.com\/avatar\/23b0f42f8f8b02457f451de7037de54608f3e55f3801314b0aaee449b8cc743b?s=96&d=mm&r=g","caption":"chorschule"},"url":"https:\/\/chorschule-frechen.de\/de\/author\/chorschule\/"}]}},"_links":{"self":[{"href":"https:\/\/chorschule-frechen.de\/de\/wp-json\/wp\/v2\/posts\/6845","targetHints":{"allow":["GET"]}}],"collection":[{"href":"https:\/\/chorschule-frechen.de\/de\/wp-json\/wp\/v2\/posts"}],"about":[{"href":"https:\/\/chorschule-frechen.de\/de\/wp-json\/wp\/v2\/types\/post"}],"author":[{"embeddable":true,"href":"https:\/\/chorschule-frechen.de\/de\/wp-json\/wp\/v2\/users\/1"}],"replies":[{"embeddable":true,"href":"https:\/\/chorschule-frechen.de\/de\/wp-json\/wp\/v2\/comments?post=6845"}],"version-history":[{"count":11,"href":"https:\/\/chorschule-frechen.de\/de\/wp-json\/wp\/v2\/posts\/6845\/revisions"}],"predecessor-version":[{"id":6896,"href":"https:\/\/chorschule-frechen.de\/de\/wp-json\/wp\/v2\/posts\/6845\/revisions\/6896"}],"wp:featuredmedia":[{"embeddable":true,"href":"https:\/\/chorschule-frechen.de\/de\/wp-json\/wp\/v2\/media\/6812"}],"wp:attachment":[{"href":"https:\/\/chorschule-frechen.de\/de\/wp-json\/wp\/v2\/media?parent=6845"}],"wp:term":[{"taxonomy":"category","embeddable":true,"href":"https:\/\/chorschule-frechen.de\/de\/wp-json\/wp\/v2\/categories?post=6845"},{"taxonomy":"post_tag","embeddable":true,"href":"https:\/\/chorschule-frechen.de\/de\/wp-json\/wp\/v2\/tags?post=6845"}],"curies":[{"name":"wp","href":"https:\/\/api.w.org\/{rel}","templated":true}]}}