{"id":6789,"date":"2025-01-27T19:40:53","date_gmt":"2025-01-27T17:40:53","guid":{"rendered":"https:\/\/chorschule-frechen.de\/erster-offener-workshop-fuer-atem-und-gesangstechnik\/"},"modified":"2025-02-13T13:39:48","modified_gmt":"2025-02-13T11:39:48","slug":"erster-offener-workshop-fuer-atem-und-gesangstechnik","status":"publish","type":"post","link":"https:\/\/chorschule-frechen.de\/de\/erster-offener-workshop-fuer-atem-und-gesangstechnik\/","title":{"rendered":"Erster offener Workshop f\u00fcr Atem- und Gesangstechnik"},"content":{"rendered":"\t\t<div data-elementor-type=\"wp-post\" data-elementor-id=\"6789\" class=\"elementor elementor-6789 elementor-6732\" data-elementor-post-type=\"post\">\n\t\t\t\t<div class=\"elementor-element elementor-element-792cd051 e-flex e-con-boxed e-con e-parent\" data-id=\"792cd051\" data-element_type=\"container\" data-e-type=\"container\">\n\t\t\t\t\t<div class=\"e-con-inner\">\n\t\t<div class=\"elementor-element elementor-element-1f893560 e-con-full e-flex e-con e-child\" data-id=\"1f893560\" data-element_type=\"container\" data-e-type=\"container\">\n\t\t<a class=\"elementor-element elementor-element-73df4a88 e-con-full wk-image-block e-flex e-con e-child\" data-id=\"73df4a88\" data-element_type=\"container\" data-e-type=\"container\" href=\"https:\/\/chorschule-frechen.de\/wp-content\/uploads\/2025\/02\/master-klas-foto-dlya-sajta.jpg\">\n\t\t\t\t<div class=\"elementor-element elementor-element-6b9cedbd wk-image elementor-widget elementor-widget-image\" data-id=\"6b9cedbd\" data-element_type=\"widget\" data-e-type=\"widget\" data-widget_type=\"image.default\">\n\t\t\t\t<div class=\"elementor-widget-container\">\n\t\t\t\t\t\t\t\t\t\t\t\t\t\t\t<img fetchpriority=\"high\" decoding=\"async\" width=\"800\" height=\"450\" src=\"https:\/\/chorschule-frechen.de\/wp-content\/uploads\/2025\/02\/master-klas-foto-dlya-sajta-1024x576.jpg\" class=\"attachment-large size-large wp-image-6752\" alt=\"Gesangsworkshop 25.01.2025\" srcset=\"https:\/\/chorschule-frechen.de\/wp-content\/uploads\/2025\/02\/master-klas-foto-dlya-sajta-1024x576.jpg 1024w, https:\/\/chorschule-frechen.de\/wp-content\/uploads\/2025\/02\/master-klas-foto-dlya-sajta-300x169.jpg 300w, https:\/\/chorschule-frechen.de\/wp-content\/uploads\/2025\/02\/master-klas-foto-dlya-sajta-768x432.jpg 768w, https:\/\/chorschule-frechen.de\/wp-content\/uploads\/2025\/02\/master-klas-foto-dlya-sajta.jpg 1215w\" sizes=\"(max-width: 800px) 100vw, 800px\" \/>\t\t\t\t\t\t\t\t\t\t\t\t\t\t\t<\/div>\n\t\t\t\t<\/div>\n\t\t\t\t<div class=\"elementor-element elementor-element-3ac664f4 elementor-absolute wk-image-icon elementor-view-default elementor-widget elementor-widget-icon\" data-id=\"3ac664f4\" data-element_type=\"widget\" data-e-type=\"widget\" data-settings=\"{&quot;_position&quot;:&quot;absolute&quot;}\" data-widget_type=\"icon.default\">\n\t\t\t\t<div class=\"elementor-widget-container\">\n\t\t\t\t\t\t\t<div class=\"elementor-icon-wrapper\">\n\t\t\t<div class=\"elementor-icon\">\n\t\t\t<svg aria-hidden=\"true\" class=\"e-font-icon-svg e-fas-search\" viewBox=\"0 0 512 512\" xmlns=\"http:\/\/www.w3.org\/2000\/svg\"><path d=\"M505 442.7L405.3 343c-4.5-4.5-10.6-7-17-7H372c27.6-35.3 44-79.7 44-128C416 93.1 322.9 0 208 0S0 93.1 0 208s93.1 208 208 208c48.3 0 92.7-16.4 128-44v16.3c0 6.4 2.5 12.5 7 17l99.7 99.7c9.4 9.4 24.6 9.4 33.9 0l28.3-28.3c9.4-9.4 9.4-24.6.1-34zM208 336c-70.7 0-128-57.2-128-128 0-70.7 57.2-128 128-128 70.7 0 128 57.2 128 128 0 70.7-57.2 128-128 128z\"><\/path><\/svg>\t\t\t<\/div>\n\t\t<\/div>\n\t\t\t\t\t\t<\/div>\n\t\t\t\t<\/div>\n\t\t<div class=\"elementor-element elementor-element-2fdf0630 e-con-full e-flex e-con e-child\" data-id=\"2fdf0630\" data-element_type=\"container\" data-e-type=\"container\" data-settings=\"{&quot;background_background&quot;:&quot;classic&quot;,&quot;position&quot;:&quot;absolute&quot;}\">\n\t\t\t\t<div class=\"elementor-element elementor-element-3bb60eaa wk-line elementor-widget elementor-widget-text-editor\" data-id=\"3bb60eaa\" data-element_type=\"widget\" data-e-type=\"widget\" data-widget_type=\"text-editor.default\">\n\t\t\t\t<div class=\"elementor-widget-container\">\n\t\t\t\t\t\t\t\t\tJan.\t\t\t\t\t\t\t\t<\/div>\n\t\t\t\t<\/div>\n\t\t\t\t<div class=\"elementor-element elementor-element-2ba3fe7e wk-line elementor-widget elementor-widget-text-editor\" data-id=\"2ba3fe7e\" data-element_type=\"widget\" data-e-type=\"widget\" data-widget_type=\"text-editor.default\">\n\t\t\t\t<div class=\"elementor-widget-container\">\n\t\t\t\t\t\t\t\t\t27\t\t\t\t\t\t\t\t<\/div>\n\t\t\t\t<\/div>\n\t\t\t\t<div class=\"elementor-element elementor-element-6e577a9e elementor-widget elementor-widget-text-editor\" data-id=\"6e577a9e\" data-element_type=\"widget\" data-e-type=\"widget\" data-widget_type=\"text-editor.default\">\n\t\t\t\t<div class=\"elementor-widget-container\">\n\t\t\t\t\t\t\t\t\t2025\t\t\t\t\t\t\t\t<\/div>\n\t\t\t\t<\/div>\n\t\t\t\t<\/div>\n\t\t\t\t<\/a>\n\t\t\t\t<\/div>\n\t\t<div class=\"elementor-element elementor-element-4295c80d e-con-full e-flex e-con e-child\" data-id=\"4295c80d\" data-element_type=\"container\" data-e-type=\"container\">\n\t\t\t\t<div class=\"elementor-element elementor-element-16cdb5cc elementor-widget elementor-widget-text-editor\" data-id=\"16cdb5cc\" data-element_type=\"widget\" data-e-type=\"widget\" data-widget_type=\"text-editor.default\">\n\t\t\t\t<div class=\"elementor-widget-container\">\n\t\t\t\t\t\t\t\t\t<p>Unser erster Gesangsworkshop zum Thema \u201eAtemtechnik als Schl\u00fcssel zur Meisterschaft\u201c war ein gro\u00dfer Erfolg.<\/p>\n\t\t\t\t\t\t\t\t<\/div>\n\t\t\t\t<\/div>\n\t\t\t\t<div class=\"elementor-element elementor-element-c144610 elementor-widget elementor-widget-text-editor\" data-id=\"c144610\" data-element_type=\"widget\" data-e-type=\"widget\" data-widget_type=\"text-editor.default\">\n\t\t\t\t<div class=\"elementor-widget-container\">\n\t\t\t\t\t\t\t\t\t<p>Der j\u00fcngste offene Gesangsworkshop zum Thema \u201eAtemtechnik als Schl\u00fcssel zur Meisterschaft\u201c brachte viele begeisterte S\u00e4ngerinnen und S\u00e4nger zusammen und war f\u00fcr sie eine echte Quelle neuen Wissens und neuer Inspiration. In drei Teilen &#8211; Theorie, Praxis und Interaktion &#8211; erfuhren die Teilnehmer, wie die richtige Atmung die Qualit\u00e4t des Gesangs beeinflusst und wie wichtig ein bewusster Umgang mit der Stimme ist. <\/p>\n\t\t\t\t\t\t\t\t<\/div>\n\t\t\t\t<\/div>\n\t\t\t\t<\/div>\n\t\t\t\t\t<\/div>\n\t\t\t\t<\/div>\n\t\t<div class=\"elementor-element elementor-element-4166113f e-flex e-con-boxed e-con e-parent\" data-id=\"4166113f\" data-element_type=\"container\" data-e-type=\"container\">\n\t\t\t\t\t<div class=\"e-con-inner\">\n\t\t<div class=\"elementor-element elementor-element-6126e61d e-con-full e-flex e-con e-child\" data-id=\"6126e61d\" data-element_type=\"container\" data-e-type=\"container\">\n\t\t\t\t<div class=\"elementor-element elementor-element-3fd634e4 elementor-widget elementor-widget-text-editor\" data-id=\"3fd634e4\" data-element_type=\"widget\" data-e-type=\"widget\" data-widget_type=\"text-editor.default\">\n\t\t\t\t<div class=\"elementor-widget-container\">\n\t\t\t\t\t\t\t\t\t<p>Der theoretische Teil trug dazu bei, das Verst\u00e4ndnis f\u00fcr die physiologischen Grundlagen der Atmung zu vertiefen: wie die Atemmuskeln funktionieren, welche Arten der Atmung es gibt und warum die richtige Atemkontrolle die Grundlage f\u00fcr eine sch\u00f6ne und stabile Stimme ist.<\/p>\n<p>Der praktische Teil war der anschaulichste: Die Sch\u00fcler fungierten als \u201elebendes Instrument\u201c, indem sie typische Stimmprobleme demonstrierten, die der Lehrer in Echtzeit analysierte und effektive L\u00f6sungen anbot. So konnten nicht nur die Teilnehmer, sondern auch das Publikum sehen, wie theoretisches Wissen in Gesang umgesetzt wird. <\/p>\n<p>Der interaktive Teil gab allen die Gelegenheit, die Kraft der richtigen Atmung zu sp\u00fcren: Die von der Gesangsp\u00e4dagogin vorgeschlagenen \u00dcbungen erwiesen sich nicht nur als n\u00fctzlich, sondern auch als zug\u00e4nglich f\u00fcr jedes Ausbildungsniveau.<\/p>\n\t\t\t\t\t\t\t\t<\/div>\n\t\t\t\t<\/div>\n\t\t\t\t<div class=\"elementor-element elementor-element-76fa3c64 elementor-widget elementor-widget-text-editor\" data-id=\"76fa3c64\" data-element_type=\"widget\" data-e-type=\"widget\" data-widget_type=\"text-editor.default\">\n\t\t\t\t<div class=\"elementor-widget-container\">\n\t\t\t\t\t\t\t\t\t<p>Die Veranstaltung stie\u00df auf gro\u00dfes Interesse und erhielt viele positive R\u00fcckmeldungen. Viele Teilnehmer stellten fest, dass sie nach dem Meisterkurs eine Verbesserung der Atemkontrolle und der Stimmkraft sp\u00fcrten und sich inspiriert f\u00fchlten, weiter an ihrem Gesang zu arbeiten.<\/p><p>Die Atmosph\u00e4re war warm und unterst\u00fctzend, so dass sich die Teilnehmer wohl und sicher f\u00fchlten.<\/p><p>Ermutigt durch diese Resonanz haben wir beschlossen, eine Reihe \u00e4hnlicher Meisterkurse zu veranstalten, um unser Wissen zu vertiefen und jedem zu helfen, sein stimmliches Potenzial zu entdecken. Und wir freuen uns, einen neuen Workshop ank\u00fcndigen zu k\u00f6nnen!<\/p><p>\ud83d\udcc5 Wann: 15. M\u00e4rz 2025 um 16:00<br \/>\ud83d\udccd Wo: H\u00fcchelner Str. 2, 50226 Frechen<\/p><p>Es wird noch mehr Praxis, n\u00fctzliche Techniken und Inspiration geben! Mach mit, um deine Stimme zu verbessern und neue M\u00f6glichkeiten zu entdecken!<\/p>\t\t\t\t\t\t\t\t<\/div>\n\t\t\t\t<\/div>\n\t\t\t\t<div class=\"elementor-element elementor-element-2ee30122 elementor-widget elementor-widget-gallery\" data-id=\"2ee30122\" data-element_type=\"widget\" data-e-type=\"widget\" data-settings=\"{&quot;image_hover_animation&quot;:&quot;grow&quot;,&quot;gallery_layout&quot;:&quot;justified&quot;,&quot;ideal_row_height&quot;:{&quot;unit&quot;:&quot;px&quot;,&quot;size&quot;:225,&quot;sizes&quot;:[]},&quot;lazyload&quot;:&quot;yes&quot;,&quot;ideal_row_height_tablet&quot;:{&quot;unit&quot;:&quot;px&quot;,&quot;size&quot;:150,&quot;sizes&quot;:[]},&quot;ideal_row_height_mobile&quot;:{&quot;unit&quot;:&quot;px&quot;,&quot;size&quot;:150,&quot;sizes&quot;:[]},&quot;gap&quot;:{&quot;unit&quot;:&quot;px&quot;,&quot;size&quot;:10,&quot;sizes&quot;:[]},&quot;gap_tablet&quot;:{&quot;unit&quot;:&quot;px&quot;,&quot;size&quot;:10,&quot;sizes&quot;:[]},&quot;gap_mobile&quot;:{&quot;unit&quot;:&quot;px&quot;,&quot;size&quot;:10,&quot;sizes&quot;:[]},&quot;link_to&quot;:&quot;file&quot;,&quot;overlay_background&quot;:&quot;yes&quot;,&quot;content_hover_animation&quot;:&quot;fade-in&quot;}\" data-widget_type=\"gallery.default\">\n\t\t\t\t<div class=\"elementor-widget-container\">\n\t\t\t\t\t\t\t<div class=\"elementor-gallery__container\">\n\t\t\t\t\t\t\t<a class=\"e-gallery-item elementor-gallery-item elementor-animated-content\" href=\"https:\/\/chorschule-frechen.de\/wp-content\/uploads\/2025\/02\/img_6333.jpg\" data-elementor-open-lightbox=\"yes\" data-elementor-lightbox-slideshow=\"2ee30122\" data-elementor-lightbox-title=\"IMG_6333\" data-elementor-lightbox-description=\"\u041c\u0430\u0439\u0441\u0442\u0435\u0440-\u043a\u043b\u0430\u0441 \u0437 \u0432\u043e\u043a\u0430\u043b\u0443 25.01.2025\" data-e-action-hash=\"#elementor-action%3Aaction%3Dlightbox%26settings%3DeyJpZCI6Njc0NywidXJsIjoiaHR0cHM6XC9cL2Nob3JzY2h1bGUtZnJlY2hlbi5kZVwvd3AtY29udGVudFwvdXBsb2Fkc1wvMjAyNVwvMDJcL2ltZ182MzMzLmpwZyIsInNsaWRlc2hvdyI6IjJlZTMwMTIyIn0%3D\">\n\t\t\t\t\t<div class=\"e-gallery-image elementor-gallery-item__image\" data-thumbnail=\"https:\/\/chorschule-frechen.de\/wp-content\/uploads\/2025\/02\/img_6333-240x300.jpg\" data-width=\"240\" data-height=\"300\" aria-label=\"\u041c\u0430\u0439\u0441\u0442\u0435\u0440-\u043a\u043b\u0430\u0441 \u0437 \u0432\u043e\u043a\u0430\u043b\u0443 25.01.2025\" role=\"img\" ><\/div>\n\t\t\t\t\t\t\t\t\t\t\t<div class=\"elementor-gallery-item__overlay\"><\/div>\n\t\t\t\t\t\t\t\t\t\t\t\t\t\t<\/a>\n\t\t\t\t\t\t\t<a class=\"e-gallery-item elementor-gallery-item elementor-animated-content\" href=\"https:\/\/chorschule-frechen.de\/wp-content\/uploads\/2025\/02\/img_6336.jpg\" data-elementor-open-lightbox=\"yes\" data-elementor-lightbox-slideshow=\"2ee30122\" data-elementor-lightbox-title=\"IMG_6336\" data-elementor-lightbox-description=\"\u041c\u0430\u0439\u0441\u0442\u0435\u0440-\u043a\u043b\u0430\u0441 \u0437 \u0432\u043e\u043a\u0430\u043b\u0443 25.01.2025\" data-e-action-hash=\"#elementor-action%3Aaction%3Dlightbox%26settings%3DeyJpZCI6Njc0MywidXJsIjoiaHR0cHM6XC9cL2Nob3JzY2h1bGUtZnJlY2hlbi5kZVwvd3AtY29udGVudFwvdXBsb2Fkc1wvMjAyNVwvMDJcL2ltZ182MzM2LmpwZyIsInNsaWRlc2hvdyI6IjJlZTMwMTIyIn0%3D\">\n\t\t\t\t\t<div class=\"e-gallery-image elementor-gallery-item__image\" data-thumbnail=\"https:\/\/chorschule-frechen.de\/wp-content\/uploads\/2025\/02\/img_6336-240x300.jpg\" data-width=\"240\" data-height=\"300\" aria-label=\"\u041c\u0430\u0439\u0441\u0442\u0435\u0440-\u043a\u043b\u0430\u0441 \u0437 \u0432\u043e\u043a\u0430\u043b\u0443 25.01.2025\" role=\"img\" ><\/div>\n\t\t\t\t\t\t\t\t\t\t\t<div class=\"elementor-gallery-item__overlay\"><\/div>\n\t\t\t\t\t\t\t\t\t\t\t\t\t\t<\/a>\n\t\t\t\t\t\t\t<a class=\"e-gallery-item elementor-gallery-item elementor-animated-content\" href=\"https:\/\/chorschule-frechen.de\/wp-content\/uploads\/2025\/02\/img_6335.jpg\" data-elementor-open-lightbox=\"yes\" data-elementor-lightbox-slideshow=\"2ee30122\" data-elementor-lightbox-title=\"IMG_6335\" data-elementor-lightbox-description=\"\u041c\u0430\u0439\u0441\u0442\u0435\u0440-\u043a\u043b\u0430\u0441 \u0437 \u0432\u043e\u043a\u0430\u043b\u0443 25.01.2025\" data-e-action-hash=\"#elementor-action%3Aaction%3Dlightbox%26settings%3DeyJpZCI6Njc0MSwidXJsIjoiaHR0cHM6XC9cL2Nob3JzY2h1bGUtZnJlY2hlbi5kZVwvd3AtY29udGVudFwvdXBsb2Fkc1wvMjAyNVwvMDJcL2ltZ182MzM1LmpwZyIsInNsaWRlc2hvdyI6IjJlZTMwMTIyIn0%3D\">\n\t\t\t\t\t<div class=\"e-gallery-image elementor-gallery-item__image\" data-thumbnail=\"https:\/\/chorschule-frechen.de\/wp-content\/uploads\/2025\/02\/img_6335-240x300.jpg\" data-width=\"240\" data-height=\"300\" aria-label=\"\u041c\u0430\u0439\u0441\u0442\u0435\u0440-\u043a\u043b\u0430\u0441 \u0437 \u0432\u043e\u043a\u0430\u043b\u0443 25.01.2025\" role=\"img\" ><\/div>\n\t\t\t\t\t\t\t\t\t\t\t<div class=\"elementor-gallery-item__overlay\"><\/div>\n\t\t\t\t\t\t\t\t\t\t\t\t\t\t<\/a>\n\t\t\t\t\t\t\t<a class=\"e-gallery-item elementor-gallery-item elementor-animated-content\" href=\"https:\/\/chorschule-frechen.de\/wp-content\/uploads\/2025\/02\/img_6334.jpg\" data-elementor-open-lightbox=\"yes\" data-elementor-lightbox-slideshow=\"2ee30122\" data-elementor-lightbox-title=\"IMG_6334\" data-elementor-lightbox-description=\"\u041c\u0430\u0439\u0441\u0442\u0435\u0440-\u043a\u043b\u0430\u0441 \u0437 \u0432\u043e\u043a\u0430\u043b\u0443 25.01.2025\" data-e-action-hash=\"#elementor-action%3Aaction%3Dlightbox%26settings%3DeyJpZCI6NjczOSwidXJsIjoiaHR0cHM6XC9cL2Nob3JzY2h1bGUtZnJlY2hlbi5kZVwvd3AtY29udGVudFwvdXBsb2Fkc1wvMjAyNVwvMDJcL2ltZ182MzM0LmpwZyIsInNsaWRlc2hvdyI6IjJlZTMwMTIyIn0%3D\">\n\t\t\t\t\t<div class=\"e-gallery-image elementor-gallery-item__image\" data-thumbnail=\"https:\/\/chorschule-frechen.de\/wp-content\/uploads\/2025\/02\/img_6334-240x300.jpg\" data-width=\"240\" data-height=\"300\" aria-label=\"\u041c\u0430\u0439\u0441\u0442\u0435\u0440-\u043a\u043b\u0430\u0441 \u0437 \u0432\u043e\u043a\u0430\u043b\u0443 25.01.2025\" role=\"img\" ><\/div>\n\t\t\t\t\t\t\t\t\t\t\t<div class=\"elementor-gallery-item__overlay\"><\/div>\n\t\t\t\t\t\t\t\t\t\t\t\t\t\t<\/a>\n\t\t\t\t\t\t\t<a class=\"e-gallery-item elementor-gallery-item elementor-animated-content\" href=\"https:\/\/chorschule-frechen.de\/wp-content\/uploads\/2025\/02\/img_6338.jpg\" data-elementor-open-lightbox=\"yes\" data-elementor-lightbox-slideshow=\"2ee30122\" data-elementor-lightbox-title=\"IMG_6338\" data-elementor-lightbox-description=\"\u041c\u0430\u0439\u0441\u0442\u0435\u0440-\u043a\u043b\u0430\u0441 \u0437 \u0432\u043e\u043a\u0430\u043b\u0443 25.01.2025\" data-e-action-hash=\"#elementor-action%3Aaction%3Dlightbox%26settings%3DeyJpZCI6NjczNywidXJsIjoiaHR0cHM6XC9cL2Nob3JzY2h1bGUtZnJlY2hlbi5kZVwvd3AtY29udGVudFwvdXBsb2Fkc1wvMjAyNVwvMDJcL2ltZ182MzM4LmpwZyIsInNsaWRlc2hvdyI6IjJlZTMwMTIyIn0%3D\">\n\t\t\t\t\t<div class=\"e-gallery-image elementor-gallery-item__image\" data-thumbnail=\"https:\/\/chorschule-frechen.de\/wp-content\/uploads\/2025\/02\/img_6338-240x300.jpg\" data-width=\"240\" data-height=\"300\" aria-label=\"\u041c\u0430\u0439\u0441\u0442\u0435\u0440-\u043a\u043b\u0430\u0441 \u0437 \u0432\u043e\u043a\u0430\u043b\u0443 25.01.2025\" role=\"img\" ><\/div>\n\t\t\t\t\t\t\t\t\t\t\t<div class=\"elementor-gallery-item__overlay\"><\/div>\n\t\t\t\t\t\t\t\t\t\t\t\t\t\t<\/a>\n\t\t\t\t\t<\/div>\n\t\t\t\t\t<\/div>\n\t\t\t\t<\/div>\n\t\t\t\t<\/div>\n\t\t\t\t\t<\/div>\n\t\t\t\t<\/div>\n\t\t\t\t<\/div>\n\t\t","protected":false},"excerpt":{"rendered":"<p>Der k\u00fcrzlich durchgef\u00fchrte offene Gesangsworkshop zum Thema \u201eAtemtechnik als Schl\u00fcssel zur Meisterschaft\u201c brachte viele begeisterte S\u00e4ngerinnen und S\u00e4nger zusammen und war f\u00fcr sie eine echte Quelle neuen Wissens und neuer Inspiration.<\/p>\n","protected":false},"author":1,"featured_media":6752,"comment_status":"closed","ping_status":"closed","sticky":false,"template":"","format":"standard","meta":{"footnotes":""},"categories":[8],"tags":[],"class_list":["post-6789","post","type-post","status-publish","format-standard","has-post-thumbnail","hentry","category-neuigkeiten"],"yoast_head":"<!-- This site is optimized with the Yoast SEO plugin v27.5 - https:\/\/yoast.com\/product\/yoast-seo-wordpress\/ -->\n<title>Erster offener Workshop f\u00fcr Atem- und Gesangstechnik - \u0412\u043e\u043a\u0430\u043b\u044c\u043d\u043e-\u0445\u043e\u0440\u043e\u0432\u0430 \u0448\u043a\u043e\u043b\u0430 \u041e\u043a\u0441\u0430\u043d\u0438 \u0414\u043e\u043d\u0434\u0438\u043a<\/title>\n<meta name=\"description\" content=\"Am 25. Januar 2025 fand der erste offene Gesangsworkshop zum Thema \u201eAtemtechnik als Schl\u00fcssel zur Meisterschaft\u201c mit gro\u00dfem Erfolg statt.\" \/>\n<meta name=\"robots\" content=\"index, follow, max-snippet:-1, max-image-preview:large, max-video-preview:-1\" \/>\n<link rel=\"canonical\" href=\"https:\/\/chorschule-frechen.de\/de\/erster-offener-workshop-fuer-atem-und-gesangstechnik\/\" \/>\n<meta property=\"og:locale\" content=\"de_DE\" \/>\n<meta property=\"og:type\" content=\"article\" \/>\n<meta property=\"og:title\" content=\"Erster offener Workshop f\u00fcr Atem- und Gesangstechnik - \u0412\u043e\u043a\u0430\u043b\u044c\u043d\u043e-\u0445\u043e\u0440\u043e\u0432\u0430 \u0448\u043a\u043e\u043b\u0430 \u041e\u043a\u0441\u0430\u043d\u0438 \u0414\u043e\u043d\u0434\u0438\u043a\" \/>\n<meta property=\"og:description\" content=\"Am 25. Januar 2025 fand der erste offene Gesangsworkshop zum Thema \u201eAtemtechnik als Schl\u00fcssel zur Meisterschaft\u201c mit gro\u00dfem Erfolg statt.\" \/>\n<meta property=\"og:url\" content=\"https:\/\/chorschule-frechen.de\/de\/erster-offener-workshop-fuer-atem-und-gesangstechnik\/\" \/>\n<meta property=\"og:site_name\" content=\"\u0412\u043e\u043a\u0430\u043b\u044c\u043d\u043e-\u0445\u043e\u0440\u043e\u0432\u0430 \u0448\u043a\u043e\u043b\u0430 \u041e\u043a\u0441\u0430\u043d\u0438 \u0414\u043e\u043d\u0434\u0438\u043a\" \/>\n<meta property=\"article:published_time\" content=\"2025-01-27T17:40:53+00:00\" \/>\n<meta property=\"article:modified_time\" content=\"2025-02-13T11:39:48+00:00\" \/>\n<meta property=\"og:image\" content=\"https:\/\/chorschule-frechen.de\/wp-content\/uploads\/2025\/02\/master-klas-foto-dlya-sajta.jpg\" \/>\n\t<meta property=\"og:image:width\" content=\"1215\" \/>\n\t<meta property=\"og:image:height\" content=\"684\" \/>\n\t<meta property=\"og:image:type\" content=\"image\/jpeg\" \/>\n<meta name=\"author\" content=\"chorschule\" \/>\n<meta name=\"twitter:card\" content=\"summary_large_image\" \/>\n<meta name=\"twitter:label1\" content=\"Verfasst von\" \/>\n\t<meta name=\"twitter:data1\" content=\"chorschule\" \/>\n\t<meta name=\"twitter:label2\" content=\"Gesch\u00e4tzte Lesezeit\" \/>\n\t<meta name=\"twitter:data2\" content=\"2\u00a0Minuten\" \/>\n<script type=\"application\/ld+json\" class=\"yoast-schema-graph\">{\"@context\":\"https:\\\/\\\/schema.org\",\"@graph\":[{\"@type\":\"Article\",\"@id\":\"https:\\\/\\\/chorschule-frechen.de\\\/de\\\/erster-offener-workshop-fuer-atem-und-gesangstechnik\\\/#article\",\"isPartOf\":{\"@id\":\"https:\\\/\\\/chorschule-frechen.de\\\/de\\\/erster-offener-workshop-fuer-atem-und-gesangstechnik\\\/\"},\"author\":{\"name\":\"chorschule\",\"@id\":\"https:\\\/\\\/chorschule-frechen.de\\\/de\\\/#\\\/schema\\\/person\\\/2f39be9f15e3165e177bea9141afb9c0\"},\"headline\":\"Erster offener Workshop f\u00fcr Atem- und Gesangstechnik\",\"datePublished\":\"2025-01-27T17:40:53+00:00\",\"dateModified\":\"2025-02-13T11:39:48+00:00\",\"mainEntityOfPage\":{\"@id\":\"https:\\\/\\\/chorschule-frechen.de\\\/de\\\/erster-offener-workshop-fuer-atem-und-gesangstechnik\\\/\"},\"wordCount\":358,\"publisher\":{\"@id\":\"https:\\\/\\\/chorschule-frechen.de\\\/de\\\/#organization\"},\"image\":{\"@id\":\"https:\\\/\\\/chorschule-frechen.de\\\/de\\\/erster-offener-workshop-fuer-atem-und-gesangstechnik\\\/#primaryimage\"},\"thumbnailUrl\":\"https:\\\/\\\/chorschule-frechen.de\\\/wp-content\\\/uploads\\\/2025\\\/02\\\/master-klas-foto-dlya-sajta.jpg\",\"articleSection\":[\"Neuigkeiten\"],\"inLanguage\":\"de\"},{\"@type\":\"WebPage\",\"@id\":\"https:\\\/\\\/chorschule-frechen.de\\\/de\\\/erster-offener-workshop-fuer-atem-und-gesangstechnik\\\/\",\"url\":\"https:\\\/\\\/chorschule-frechen.de\\\/de\\\/erster-offener-workshop-fuer-atem-und-gesangstechnik\\\/\",\"name\":\"Erster offener Workshop f\u00fcr Atem- und Gesangstechnik - \u0412\u043e\u043a\u0430\u043b\u044c\u043d\u043e-\u0445\u043e\u0440\u043e\u0432\u0430 \u0448\u043a\u043e\u043b\u0430 \u041e\u043a\u0441\u0430\u043d\u0438 \u0414\u043e\u043d\u0434\u0438\u043a\",\"isPartOf\":{\"@id\":\"https:\\\/\\\/chorschule-frechen.de\\\/de\\\/#website\"},\"primaryImageOfPage\":{\"@id\":\"https:\\\/\\\/chorschule-frechen.de\\\/de\\\/erster-offener-workshop-fuer-atem-und-gesangstechnik\\\/#primaryimage\"},\"image\":{\"@id\":\"https:\\\/\\\/chorschule-frechen.de\\\/de\\\/erster-offener-workshop-fuer-atem-und-gesangstechnik\\\/#primaryimage\"},\"thumbnailUrl\":\"https:\\\/\\\/chorschule-frechen.de\\\/wp-content\\\/uploads\\\/2025\\\/02\\\/master-klas-foto-dlya-sajta.jpg\",\"datePublished\":\"2025-01-27T17:40:53+00:00\",\"dateModified\":\"2025-02-13T11:39:48+00:00\",\"description\":\"Am 25. Januar 2025 fand der erste offene Gesangsworkshop zum Thema \u201eAtemtechnik als Schl\u00fcssel zur Meisterschaft\u201c mit gro\u00dfem Erfolg statt.\",\"breadcrumb\":{\"@id\":\"https:\\\/\\\/chorschule-frechen.de\\\/de\\\/erster-offener-workshop-fuer-atem-und-gesangstechnik\\\/#breadcrumb\"},\"inLanguage\":\"de\",\"potentialAction\":[{\"@type\":\"ReadAction\",\"target\":[\"https:\\\/\\\/chorschule-frechen.de\\\/de\\\/erster-offener-workshop-fuer-atem-und-gesangstechnik\\\/\"]}]},{\"@type\":\"ImageObject\",\"inLanguage\":\"de\",\"@id\":\"https:\\\/\\\/chorschule-frechen.de\\\/de\\\/erster-offener-workshop-fuer-atem-und-gesangstechnik\\\/#primaryimage\",\"url\":\"https:\\\/\\\/chorschule-frechen.de\\\/wp-content\\\/uploads\\\/2025\\\/02\\\/master-klas-foto-dlya-sajta.jpg\",\"contentUrl\":\"https:\\\/\\\/chorschule-frechen.de\\\/wp-content\\\/uploads\\\/2025\\\/02\\\/master-klas-foto-dlya-sajta.jpg\",\"width\":1215,\"height\":684,\"caption\":\"Gesangsworkshop 25.01.2025\"},{\"@type\":\"BreadcrumbList\",\"@id\":\"https:\\\/\\\/chorschule-frechen.de\\\/de\\\/erster-offener-workshop-fuer-atem-und-gesangstechnik\\\/#breadcrumb\",\"itemListElement\":[{\"@type\":\"ListItem\",\"position\":1,\"name\":\"\u0413\u043e\u043b\u043e\u0432\u043d\u0430\",\"item\":\"https:\\\/\\\/chorschule-frechen.de\\\/de\\\/hauptseite\\\/\"},{\"@type\":\"ListItem\",\"position\":2,\"name\":\"Erster offener Workshop f\u00fcr Atem- und Gesangstechnik\"}]},{\"@type\":\"WebSite\",\"@id\":\"https:\\\/\\\/chorschule-frechen.de\\\/de\\\/#website\",\"url\":\"https:\\\/\\\/chorschule-frechen.de\\\/de\\\/\",\"name\":\"\u0412\u043e\u043a\u0430\u043b\u044c\u043d\u043e-\u0445\u043e\u0440\u043e\u0432\u0430 \u0448\u043a\u043e\u043b\u0430 \u041e\u043a\u0441\u0430\u043d\u0438 \u0414\u043e\u043d\u0434\u0438\u043a\",\"description\":\"\u0412\u043e\u043a\u0430\u043b\u044c\u043d\u043e-\u0445\u043e\u0440\u043e\u0432\u0430 \u0448\u043a\u043e\u043b\u0430 \u041e\u043a\u0441\u0430\u043d\u0438 \u0414\u043e\u043d\u0434\u0438\u043a\",\"publisher\":{\"@id\":\"https:\\\/\\\/chorschule-frechen.de\\\/de\\\/#organization\"},\"potentialAction\":[{\"@type\":\"SearchAction\",\"target\":{\"@type\":\"EntryPoint\",\"urlTemplate\":\"https:\\\/\\\/chorschule-frechen.de\\\/de\\\/?s={search_term_string}\"},\"query-input\":{\"@type\":\"PropertyValueSpecification\",\"valueRequired\":true,\"valueName\":\"search_term_string\"}}],\"inLanguage\":\"de\"},{\"@type\":\"Organization\",\"@id\":\"https:\\\/\\\/chorschule-frechen.de\\\/de\\\/#organization\",\"name\":\"\u0412\u043e\u043a\u0430\u043b\u044c\u043d\u043e-\u0445\u043e\u0440\u043e\u0432\u0430 \u0448\u043a\u043e\u043b\u0430 \u041e\u043a\u0441\u0430\u043d\u0438 \u0414\u043e\u043d\u0434\u0438\u043a\",\"url\":\"https:\\\/\\\/chorschule-frechen.de\\\/de\\\/\",\"logo\":{\"@type\":\"ImageObject\",\"inLanguage\":\"de\",\"@id\":\"https:\\\/\\\/chorschule-frechen.de\\\/de\\\/#\\\/schema\\\/logo\\\/image\\\/\",\"url\":\"https:\\\/\\\/chorschule-frechen.de\\\/wp-content\\\/uploads\\\/2024\\\/09\\\/\u041c\u043e\u043d\u0442\u0430\u0436\u043d\u0430\u044f-\u043e\u0431\u043b\u0430\u0441\u0442\u044c-1-e1727349916239.png\",\"contentUrl\":\"https:\\\/\\\/chorschule-frechen.de\\\/wp-content\\\/uploads\\\/2024\\\/09\\\/\u041c\u043e\u043d\u0442\u0430\u0436\u043d\u0430\u044f-\u043e\u0431\u043b\u0430\u0441\u0442\u044c-1-e1727349916239.png\",\"width\":597,\"height\":502,\"caption\":\"\u0412\u043e\u043a\u0430\u043b\u044c\u043d\u043e-\u0445\u043e\u0440\u043e\u0432\u0430 \u0448\u043a\u043e\u043b\u0430 \u041e\u043a\u0441\u0430\u043d\u0438 \u0414\u043e\u043d\u0434\u0438\u043a\"},\"image\":{\"@id\":\"https:\\\/\\\/chorschule-frechen.de\\\/de\\\/#\\\/schema\\\/logo\\\/image\\\/\"}},{\"@type\":\"Person\",\"@id\":\"https:\\\/\\\/chorschule-frechen.de\\\/de\\\/#\\\/schema\\\/person\\\/2f39be9f15e3165e177bea9141afb9c0\",\"name\":\"chorschule\",\"image\":{\"@type\":\"ImageObject\",\"inLanguage\":\"de\",\"@id\":\"https:\\\/\\\/secure.gravatar.com\\\/avatar\\\/23b0f42f8f8b02457f451de7037de54608f3e55f3801314b0aaee449b8cc743b?s=96&d=mm&r=g\",\"url\":\"https:\\\/\\\/secure.gravatar.com\\\/avatar\\\/23b0f42f8f8b02457f451de7037de54608f3e55f3801314b0aaee449b8cc743b?s=96&d=mm&r=g\",\"contentUrl\":\"https:\\\/\\\/secure.gravatar.com\\\/avatar\\\/23b0f42f8f8b02457f451de7037de54608f3e55f3801314b0aaee449b8cc743b?s=96&d=mm&r=g\",\"caption\":\"chorschule\"},\"url\":\"https:\\\/\\\/chorschule-frechen.de\\\/de\\\/author\\\/chorschule\\\/\"}]}<\/script>\n<!-- \/ Yoast SEO plugin. -->","yoast_head_json":{"title":"Erster offener Workshop f\u00fcr Atem- und Gesangstechnik - \u0412\u043e\u043a\u0430\u043b\u044c\u043d\u043e-\u0445\u043e\u0440\u043e\u0432\u0430 \u0448\u043a\u043e\u043b\u0430 \u041e\u043a\u0441\u0430\u043d\u0438 \u0414\u043e\u043d\u0434\u0438\u043a","description":"Am 25. Januar 2025 fand der erste offene Gesangsworkshop zum Thema \u201eAtemtechnik als Schl\u00fcssel zur Meisterschaft\u201c mit gro\u00dfem Erfolg statt.","robots":{"index":"index","follow":"follow","max-snippet":"max-snippet:-1","max-image-preview":"max-image-preview:large","max-video-preview":"max-video-preview:-1"},"canonical":"https:\/\/chorschule-frechen.de\/de\/erster-offener-workshop-fuer-atem-und-gesangstechnik\/","og_locale":"de_DE","og_type":"article","og_title":"Erster offener Workshop f\u00fcr Atem- und Gesangstechnik - \u0412\u043e\u043a\u0430\u043b\u044c\u043d\u043e-\u0445\u043e\u0440\u043e\u0432\u0430 \u0448\u043a\u043e\u043b\u0430 \u041e\u043a\u0441\u0430\u043d\u0438 \u0414\u043e\u043d\u0434\u0438\u043a","og_description":"Am 25. Januar 2025 fand der erste offene Gesangsworkshop zum Thema \u201eAtemtechnik als Schl\u00fcssel zur Meisterschaft\u201c mit gro\u00dfem Erfolg statt.","og_url":"https:\/\/chorschule-frechen.de\/de\/erster-offener-workshop-fuer-atem-und-gesangstechnik\/","og_site_name":"\u0412\u043e\u043a\u0430\u043b\u044c\u043d\u043e-\u0445\u043e\u0440\u043e\u0432\u0430 \u0448\u043a\u043e\u043b\u0430 \u041e\u043a\u0441\u0430\u043d\u0438 \u0414\u043e\u043d\u0434\u0438\u043a","article_published_time":"2025-01-27T17:40:53+00:00","article_modified_time":"2025-02-13T11:39:48+00:00","og_image":[{"width":1215,"height":684,"url":"https:\/\/chorschule-frechen.de\/wp-content\/uploads\/2025\/02\/master-klas-foto-dlya-sajta.jpg","type":"image\/jpeg"}],"author":"chorschule","twitter_card":"summary_large_image","twitter_misc":{"Verfasst von":"chorschule","Gesch\u00e4tzte Lesezeit":"2\u00a0Minuten"},"schema":{"@context":"https:\/\/schema.org","@graph":[{"@type":"Article","@id":"https:\/\/chorschule-frechen.de\/de\/erster-offener-workshop-fuer-atem-und-gesangstechnik\/#article","isPartOf":{"@id":"https:\/\/chorschule-frechen.de\/de\/erster-offener-workshop-fuer-atem-und-gesangstechnik\/"},"author":{"name":"chorschule","@id":"https:\/\/chorschule-frechen.de\/de\/#\/schema\/person\/2f39be9f15e3165e177bea9141afb9c0"},"headline":"Erster offener Workshop f\u00fcr Atem- und Gesangstechnik","datePublished":"2025-01-27T17:40:53+00:00","dateModified":"2025-02-13T11:39:48+00:00","mainEntityOfPage":{"@id":"https:\/\/chorschule-frechen.de\/de\/erster-offener-workshop-fuer-atem-und-gesangstechnik\/"},"wordCount":358,"publisher":{"@id":"https:\/\/chorschule-frechen.de\/de\/#organization"},"image":{"@id":"https:\/\/chorschule-frechen.de\/de\/erster-offener-workshop-fuer-atem-und-gesangstechnik\/#primaryimage"},"thumbnailUrl":"https:\/\/chorschule-frechen.de\/wp-content\/uploads\/2025\/02\/master-klas-foto-dlya-sajta.jpg","articleSection":["Neuigkeiten"],"inLanguage":"de"},{"@type":"WebPage","@id":"https:\/\/chorschule-frechen.de\/de\/erster-offener-workshop-fuer-atem-und-gesangstechnik\/","url":"https:\/\/chorschule-frechen.de\/de\/erster-offener-workshop-fuer-atem-und-gesangstechnik\/","name":"Erster offener Workshop f\u00fcr Atem- und Gesangstechnik - \u0412\u043e\u043a\u0430\u043b\u044c\u043d\u043e-\u0445\u043e\u0440\u043e\u0432\u0430 \u0448\u043a\u043e\u043b\u0430 \u041e\u043a\u0441\u0430\u043d\u0438 \u0414\u043e\u043d\u0434\u0438\u043a","isPartOf":{"@id":"https:\/\/chorschule-frechen.de\/de\/#website"},"primaryImageOfPage":{"@id":"https:\/\/chorschule-frechen.de\/de\/erster-offener-workshop-fuer-atem-und-gesangstechnik\/#primaryimage"},"image":{"@id":"https:\/\/chorschule-frechen.de\/de\/erster-offener-workshop-fuer-atem-und-gesangstechnik\/#primaryimage"},"thumbnailUrl":"https:\/\/chorschule-frechen.de\/wp-content\/uploads\/2025\/02\/master-klas-foto-dlya-sajta.jpg","datePublished":"2025-01-27T17:40:53+00:00","dateModified":"2025-02-13T11:39:48+00:00","description":"Am 25. Januar 2025 fand der erste offene Gesangsworkshop zum Thema \u201eAtemtechnik als Schl\u00fcssel zur Meisterschaft\u201c mit gro\u00dfem Erfolg statt.","breadcrumb":{"@id":"https:\/\/chorschule-frechen.de\/de\/erster-offener-workshop-fuer-atem-und-gesangstechnik\/#breadcrumb"},"inLanguage":"de","potentialAction":[{"@type":"ReadAction","target":["https:\/\/chorschule-frechen.de\/de\/erster-offener-workshop-fuer-atem-und-gesangstechnik\/"]}]},{"@type":"ImageObject","inLanguage":"de","@id":"https:\/\/chorschule-frechen.de\/de\/erster-offener-workshop-fuer-atem-und-gesangstechnik\/#primaryimage","url":"https:\/\/chorschule-frechen.de\/wp-content\/uploads\/2025\/02\/master-klas-foto-dlya-sajta.jpg","contentUrl":"https:\/\/chorschule-frechen.de\/wp-content\/uploads\/2025\/02\/master-klas-foto-dlya-sajta.jpg","width":1215,"height":684,"caption":"Gesangsworkshop 25.01.2025"},{"@type":"BreadcrumbList","@id":"https:\/\/chorschule-frechen.de\/de\/erster-offener-workshop-fuer-atem-und-gesangstechnik\/#breadcrumb","itemListElement":[{"@type":"ListItem","position":1,"name":"\u0413\u043e\u043b\u043e\u0432\u043d\u0430","item":"https:\/\/chorschule-frechen.de\/de\/hauptseite\/"},{"@type":"ListItem","position":2,"name":"Erster offener Workshop f\u00fcr Atem- und Gesangstechnik"}]},{"@type":"WebSite","@id":"https:\/\/chorschule-frechen.de\/de\/#website","url":"https:\/\/chorschule-frechen.de\/de\/","name":"\u0412\u043e\u043a\u0430\u043b\u044c\u043d\u043e-\u0445\u043e\u0440\u043e\u0432\u0430 \u0448\u043a\u043e\u043b\u0430 \u041e\u043a\u0441\u0430\u043d\u0438 \u0414\u043e\u043d\u0434\u0438\u043a","description":"\u0412\u043e\u043a\u0430\u043b\u044c\u043d\u043e-\u0445\u043e\u0440\u043e\u0432\u0430 \u0448\u043a\u043e\u043b\u0430 \u041e\u043a\u0441\u0430\u043d\u0438 \u0414\u043e\u043d\u0434\u0438\u043a","publisher":{"@id":"https:\/\/chorschule-frechen.de\/de\/#organization"},"potentialAction":[{"@type":"SearchAction","target":{"@type":"EntryPoint","urlTemplate":"https:\/\/chorschule-frechen.de\/de\/?s={search_term_string}"},"query-input":{"@type":"PropertyValueSpecification","valueRequired":true,"valueName":"search_term_string"}}],"inLanguage":"de"},{"@type":"Organization","@id":"https:\/\/chorschule-frechen.de\/de\/#organization","name":"\u0412\u043e\u043a\u0430\u043b\u044c\u043d\u043e-\u0445\u043e\u0440\u043e\u0432\u0430 \u0448\u043a\u043e\u043b\u0430 \u041e\u043a\u0441\u0430\u043d\u0438 \u0414\u043e\u043d\u0434\u0438\u043a","url":"https:\/\/chorschule-frechen.de\/de\/","logo":{"@type":"ImageObject","inLanguage":"de","@id":"https:\/\/chorschule-frechen.de\/de\/#\/schema\/logo\/image\/","url":"https:\/\/chorschule-frechen.de\/wp-content\/uploads\/2024\/09\/\u041c\u043e\u043d\u0442\u0430\u0436\u043d\u0430\u044f-\u043e\u0431\u043b\u0430\u0441\u0442\u044c-1-e1727349916239.png","contentUrl":"https:\/\/chorschule-frechen.de\/wp-content\/uploads\/2024\/09\/\u041c\u043e\u043d\u0442\u0430\u0436\u043d\u0430\u044f-\u043e\u0431\u043b\u0430\u0441\u0442\u044c-1-e1727349916239.png","width":597,"height":502,"caption":"\u0412\u043e\u043a\u0430\u043b\u044c\u043d\u043e-\u0445\u043e\u0440\u043e\u0432\u0430 \u0448\u043a\u043e\u043b\u0430 \u041e\u043a\u0441\u0430\u043d\u0438 \u0414\u043e\u043d\u0434\u0438\u043a"},"image":{"@id":"https:\/\/chorschule-frechen.de\/de\/#\/schema\/logo\/image\/"}},{"@type":"Person","@id":"https:\/\/chorschule-frechen.de\/de\/#\/schema\/person\/2f39be9f15e3165e177bea9141afb9c0","name":"chorschule","image":{"@type":"ImageObject","inLanguage":"de","@id":"https:\/\/secure.gravatar.com\/avatar\/23b0f42f8f8b02457f451de7037de54608f3e55f3801314b0aaee449b8cc743b?s=96&d=mm&r=g","url":"https:\/\/secure.gravatar.com\/avatar\/23b0f42f8f8b02457f451de7037de54608f3e55f3801314b0aaee449b8cc743b?s=96&d=mm&r=g","contentUrl":"https:\/\/secure.gravatar.com\/avatar\/23b0f42f8f8b02457f451de7037de54608f3e55f3801314b0aaee449b8cc743b?s=96&d=mm&r=g","caption":"chorschule"},"url":"https:\/\/chorschule-frechen.de\/de\/author\/chorschule\/"}]}},"_links":{"self":[{"href":"https:\/\/chorschule-frechen.de\/de\/wp-json\/wp\/v2\/posts\/6789","targetHints":{"allow":["GET"]}}],"collection":[{"href":"https:\/\/chorschule-frechen.de\/de\/wp-json\/wp\/v2\/posts"}],"about":[{"href":"https:\/\/chorschule-frechen.de\/de\/wp-json\/wp\/v2\/types\/post"}],"author":[{"embeddable":true,"href":"https:\/\/chorschule-frechen.de\/de\/wp-json\/wp\/v2\/users\/1"}],"replies":[{"embeddable":true,"href":"https:\/\/chorschule-frechen.de\/de\/wp-json\/wp\/v2\/comments?post=6789"}],"version-history":[{"count":8,"href":"https:\/\/chorschule-frechen.de\/de\/wp-json\/wp\/v2\/posts\/6789\/revisions"}],"predecessor-version":[{"id":6804,"href":"https:\/\/chorschule-frechen.de\/de\/wp-json\/wp\/v2\/posts\/6789\/revisions\/6804"}],"wp:featuredmedia":[{"embeddable":true,"href":"https:\/\/chorschule-frechen.de\/de\/wp-json\/wp\/v2\/media\/6752"}],"wp:attachment":[{"href":"https:\/\/chorschule-frechen.de\/de\/wp-json\/wp\/v2\/media?parent=6789"}],"wp:term":[{"taxonomy":"category","embeddable":true,"href":"https:\/\/chorschule-frechen.de\/de\/wp-json\/wp\/v2\/categories?post=6789"},{"taxonomy":"post_tag","embeddable":true,"href":"https:\/\/chorschule-frechen.de\/de\/wp-json\/wp\/v2\/tags?post=6789"}],"curies":[{"name":"wp","href":"https:\/\/api.w.org\/{rel}","templated":true}]}}