{"id":5997,"date":"2024-11-28T17:29:38","date_gmt":"2024-11-28T15:29:38","guid":{"rendered":"https:\/\/chorschule-frechen.de\/erste-veroeffentlichung-in-der-presse-koelner-stadt-anzeiger-zeitung\/"},"modified":"2025-01-15T23:15:52","modified_gmt":"2025-01-15T21:15:52","slug":"erste-veroeffentlichung-in-der-presse-koelner-stadt-anzeiger-zeitung","status":"publish","type":"post","link":"https:\/\/chorschule-frechen.de\/de\/erste-veroeffentlichung-in-der-presse-koelner-stadt-anzeiger-zeitung\/","title":{"rendered":"Erste Ver\u00f6ffentlichung in der Presse. K\u00f6lner Stadt-Anzeiger Zeitung."},"content":{"rendered":"\t\t<div data-elementor-type=\"wp-post\" data-elementor-id=\"5997\" class=\"elementor elementor-5997 elementor-5535\" data-elementor-post-type=\"post\">\n\t\t\t\t<div class=\"elementor-element elementor-element-7c135fcb e-flex e-con-boxed e-con e-parent\" data-id=\"7c135fcb\" data-element_type=\"container\" data-e-type=\"container\">\n\t\t\t\t\t<div class=\"e-con-inner\">\n\t\t<div class=\"elementor-element elementor-element-3d2f3af0 e-con-full e-flex e-con e-child\" data-id=\"3d2f3af0\" data-element_type=\"container\" data-e-type=\"container\">\n\t\t<a class=\"elementor-element elementor-element-1cf088ec e-con-full wk-image-block e-flex e-con e-child\" data-id=\"1cf088ec\" data-element_type=\"container\" data-e-type=\"container\" href=\"https:\/\/chorschule-frechen.de\/wp-content\/uploads\/2024\/12\/cover.png\">\n\t\t\t\t<div class=\"elementor-element elementor-element-58cd24c4 wk-image elementor-widget elementor-widget-image\" data-id=\"58cd24c4\" data-element_type=\"widget\" data-e-type=\"widget\" data-widget_type=\"image.default\">\n\t\t\t\t<div class=\"elementor-widget-container\">\n\t\t\t\t\t\t\t\t\t\t\t\t\t\t\t<img fetchpriority=\"high\" decoding=\"async\" width=\"800\" height=\"450\" src=\"https:\/\/chorschule-frechen.de\/wp-content\/uploads\/2024\/12\/cover-1024x576.png\" class=\"attachment-large size-large wp-image-5722\" alt=\"\" srcset=\"https:\/\/chorschule-frechen.de\/wp-content\/uploads\/2024\/12\/cover-1024x576.png 1024w, https:\/\/chorschule-frechen.de\/wp-content\/uploads\/2024\/12\/cover-300x169.png 300w, https:\/\/chorschule-frechen.de\/wp-content\/uploads\/2024\/12\/cover-768x432.png 768w, https:\/\/chorschule-frechen.de\/wp-content\/uploads\/2024\/12\/cover-1536x864.png 1536w, https:\/\/chorschule-frechen.de\/wp-content\/uploads\/2024\/12\/cover.png 1600w\" sizes=\"(max-width: 800px) 100vw, 800px\" \/>\t\t\t\t\t\t\t\t\t\t\t\t\t\t\t<\/div>\n\t\t\t\t<\/div>\n\t\t\t\t<div class=\"elementor-element elementor-element-699524aa elementor-absolute wk-image-icon elementor-view-default elementor-widget elementor-widget-icon\" data-id=\"699524aa\" data-element_type=\"widget\" data-e-type=\"widget\" data-settings=\"{&quot;_position&quot;:&quot;absolute&quot;}\" data-widget_type=\"icon.default\">\n\t\t\t\t<div class=\"elementor-widget-container\">\n\t\t\t\t\t\t\t<div class=\"elementor-icon-wrapper\">\n\t\t\t<div class=\"elementor-icon\">\n\t\t\t<svg aria-hidden=\"true\" class=\"e-font-icon-svg e-fas-search\" viewBox=\"0 0 512 512\" xmlns=\"http:\/\/www.w3.org\/2000\/svg\"><path d=\"M505 442.7L405.3 343c-4.5-4.5-10.6-7-17-7H372c27.6-35.3 44-79.7 44-128C416 93.1 322.9 0 208 0S0 93.1 0 208s93.1 208 208 208c48.3 0 92.7-16.4 128-44v16.3c0 6.4 2.5 12.5 7 17l99.7 99.7c9.4 9.4 24.6 9.4 33.9 0l28.3-28.3c9.4-9.4 9.4-24.6.1-34zM208 336c-70.7 0-128-57.2-128-128 0-70.7 57.2-128 128-128 70.7 0 128 57.2 128 128 0 70.7-57.2 128-128 128z\"><\/path><\/svg>\t\t\t<\/div>\n\t\t<\/div>\n\t\t\t\t\t\t<\/div>\n\t\t\t\t<\/div>\n\t\t<div class=\"elementor-element elementor-element-1cf88bfa e-con-full e-flex e-con e-child\" data-id=\"1cf88bfa\" data-element_type=\"container\" data-e-type=\"container\" data-settings=\"{&quot;background_background&quot;:&quot;classic&quot;,&quot;position&quot;:&quot;absolute&quot;}\">\n\t\t\t\t<div class=\"elementor-element elementor-element-7df105b3 wk-line elementor-widget elementor-widget-text-editor\" data-id=\"7df105b3\" data-element_type=\"widget\" data-e-type=\"widget\" data-widget_type=\"text-editor.default\">\n\t\t\t\t<div class=\"elementor-widget-container\">\n\t\t\t\t\t\t\t\t\tNov.\t\t\t\t\t\t\t\t<\/div>\n\t\t\t\t<\/div>\n\t\t\t\t<div class=\"elementor-element elementor-element-6dc4d38f wk-line elementor-widget elementor-widget-text-editor\" data-id=\"6dc4d38f\" data-element_type=\"widget\" data-e-type=\"widget\" data-widget_type=\"text-editor.default\">\n\t\t\t\t<div class=\"elementor-widget-container\">\n\t\t\t\t\t\t\t\t\t28\t\t\t\t\t\t\t\t<\/div>\n\t\t\t\t<\/div>\n\t\t\t\t<div class=\"elementor-element elementor-element-58f11557 elementor-widget elementor-widget-text-editor\" data-id=\"58f11557\" data-element_type=\"widget\" data-e-type=\"widget\" data-widget_type=\"text-editor.default\">\n\t\t\t\t<div class=\"elementor-widget-container\">\n\t\t\t\t\t\t\t\t\t2024\t\t\t\t\t\t\t\t<\/div>\n\t\t\t\t<\/div>\n\t\t\t\t<\/div>\n\t\t\t\t<\/a>\n\t\t\t\t<\/div>\n\t\t<div class=\"elementor-element elementor-element-55b25085 e-con-full e-flex e-con e-child\" data-id=\"55b25085\" data-element_type=\"container\" data-e-type=\"container\">\n\t\t\t\t<div class=\"elementor-element elementor-element-2bdf164b elementor-widget elementor-widget-text-editor\" data-id=\"2bdf164b\" data-element_type=\"widget\" data-e-type=\"widget\" data-widget_type=\"text-editor.default\">\n\t\t\t\t<div class=\"elementor-widget-container\">\n\t\t\t\t\t\t\t\t\t<p>Ich habe immer daran geglaubt, dass nichts unm\u00f6glich ist und wir selbst unser<br \/>Schicksal gestalten k\u00f6nnen.<\/p>\n\t\t\t\t\t\t\t\t<\/div>\n\t\t\t\t<\/div>\n\t\t\t\t<div class=\"elementor-element elementor-element-74db006c elementor-widget elementor-widget-text-editor\" data-id=\"74db006c\" data-element_type=\"widget\" data-e-type=\"widget\" data-widget_type=\"text-editor.default\">\n\t\t\t\t<div class=\"elementor-widget-container\">\n\t\t\t\t\t\t\t\t\t<p>Oksana Dondyk, Schulleiterin<\/p>\n\t\t\t\t\t\t\t\t<\/div>\n\t\t\t\t<\/div>\n\t\t\t\t<\/div>\n\t\t\t\t\t<\/div>\n\t\t\t\t<\/div>\n\t\t<div class=\"elementor-element elementor-element-11fa484b e-flex e-con-boxed e-con e-parent\" data-id=\"11fa484b\" data-element_type=\"container\" data-e-type=\"container\">\n\t\t\t\t\t<div class=\"e-con-inner\">\n\t\t<div class=\"elementor-element elementor-element-18fd016 e-con-full e-flex e-con e-child\" data-id=\"18fd016\" data-element_type=\"container\" data-e-type=\"container\">\n\t\t\t\t<div class=\"elementor-element elementor-element-d1e2598 elementor-widget elementor-widget-heading\" data-id=\"d1e2598\" data-element_type=\"widget\" data-e-type=\"widget\" data-widget_type=\"heading.default\">\n\t\t\t\t<div class=\"elementor-widget-container\">\n\t\t\t\t\t<h3 class=\"elementor-heading-title elementor-size-default\">Die ukrainische S\u00e4ngerin Oksana Dondyk hat eine Gesangs- und Chorschule er\u00f6ffnet<\/h3>\t\t\t\t<\/div>\n\t\t\t\t<\/div>\n\t\t\t\t<div class=\"elementor-element elementor-element-156db57 elementor-widget elementor-widget-text-editor\" data-id=\"156db57\" data-element_type=\"widget\" data-e-type=\"widget\" data-widget_type=\"text-editor.default\">\n\t\t\t\t<div class=\"elementor-widget-container\">\n\t\t\t\t\t\t\t\t\t<p>Mittwoch, 27. November 2024 K\u00f6lner Stadt-Anzeiger <\/p>\n\t\t\t\t\t\t\t\t<\/div>\n\t\t\t\t<\/div>\n\t\t\t\t<div class=\"elementor-element elementor-element-580e910d elementor-widget elementor-widget-text-editor\" data-id=\"580e910d\" data-element_type=\"widget\" data-e-type=\"widget\" data-widget_type=\"text-editor.default\">\n\t\t\t\t<div class=\"elementor-widget-container\">\n\t\t\t\t\t\t\t\t\t<p>Frechen.<em> \u201eIch kann einfach nicht ohne Musik leben&#8220;<\/em>, versichert Oksana Dondyk und l\u00e4chelt.<em> \u201eSie ist meine Seele und auch mein Beruf.&#8220;<\/em> Gl\u00fccklich steht sie auf der B\u00fchne ihrer eigenen Gesangs- und Chorschule vor dem riesigen Fl\u00fcgel und kann es selbst kaum fassen. <em>\u201eMit viel Herzklopfen und einer geh\u00f6rigen Portion Mut&#8220;<\/em>, sagt die Musikerin ger\u00fchrt, habe sie gerade mit Weggef\u00e4hrten und Unterst\u00fctzern die Er\u00f6ffnung gefeiert.<\/p>\n<p><em>\u201eMein Traum von der eigenen Musikschule wurde wirklich wahr.&#8220;<\/em><\/p>\n<p>In ihrer Heimat ist die Musikerin eine ber\u00fchmte S\u00e4ngerin, Chorleiterin und Dirigentin. <em>\u201eMein Kinderchor war in der Ukraine sehr bekannt, wir sind fr\u00fcher oft in der Philharmonie von Kiew aufgetreten&#8220;, <\/em>erinnert sie sich wehm\u00fctig und zeigt das Video eines weihnachtlichen Konzertes mit viel Schnee und ukrainischen Weihnachtsliedern. Das war vor dem Krieg. Nach Kriegsbeginn fand sie im Februar 2022 mit ihren beiden Kindern in Frechen Zuflucht. Ihre 19-j\u00e4hrige Tochter Olha ist ebenso musikalisch wie sie und als Pianistin und Dirigentin erfolgreich. Doch hinter der Familie liegt ein langer, sorgenvoller und schwieriger Weg. <em>\u201eTrotzdem habe ich immer daran geglaubt, dass nichts unm\u00f6glich ist und wir selbst unser Schicksal gestalten k\u00f6nnen&#8220;<\/em>, sagt Oksana Dondyk. An jeder T\u00fcr habe sie geklingelt, jede M\u00f6glichkeit genutzt. So lernte sie Frechener Wirtschaftsf\u00f6rderer und auch Johannes Paul von der Kulturkirche Alt St. Ulrich kennen, ihren sp\u00e4teren k\u00fcnstlerischen Unterst\u00fctzer. Er hatte die Idee, in den R\u00e4umen der Opernwerkstatt am Rhein in der Frechener Innenstadt die Musikschule zu gr\u00fcnden. Aus der Zukunftsmusik wurde schnell Realit\u00e4t, die Musikerin spr\u00fcht geradezu vor Ideen.        <\/p>\n<p>Hier leitet sie jetzt den zuk\u00fcnftigen Erwachsenen-Chor. Die Mitglieder sollen individuell gef\u00f6rdert und f\u00fcr gro\u00dfe Konzerte und Festivals vorbereitet werden. F\u00fcr Musikbegeisterte, die sich f\u00fcr Sologesang oder das Dirigieren interessieren, bietet Oksana Dondyk Einzelkurse an. Au\u00dferdem plant sie eine Gesangs-Master-Class zum Thema: \u201eAtemtechnik und ihr Einfluss auf die Entwicklung und Bildung der Stimme&#8220;. Und da ihr musikalische Kinder und Jugendliche besonders am Herzen liegen, leitet sie nun auch einen Chor f\u00fcr sieben bis 16-J\u00e4hrige in Frechen-K\u00f6nigsdorf an der Aachener Stra\u00dfe.      <em>\u201eIch habe das so vermisst&#8220;, sagt Dondyk. \u201eEs ist so sch\u00f6n, mit jungen Leuten zu singen.&#8220;<\/em><\/p>\n<p>Man sp\u00fcrt, Oksana Dondyk bringt neben ihrer Professionalit\u00e4t vor allem viel Leidenschaft und Liebe zur klassischen Musik mit.<br \/>All das m\u00f6chte sie ihren Musiksch\u00fclern vermitteln. Oksana Dondyk: <em>\u201eMein Wunsch ist es, mit den Kl\u00e4ngen des Chores die Herzen zu vereinen.&#8220;<\/em> <\/p>\n<p>Die Chorproben des <a href=\"https:\/\/chorschule-frechen.de\/de\/erwachsenenchor\/\">Erwachsenenchors <\/a>finden dienstags von 19.30 bis 21.30 Uhr in den R\u00e4umen der Gesangs- und Chorschule Oksana Dondyk in Frechen, H\u00fcchelner- Stra\u00dfe 2 statt.<\/p>\n<p>Die Chorproben des <a href=\"https:\/\/chorschule-frechen.de\/de\/kinderchor\/\">Kinderchores<\/a> sind montags von 17 bis 19 Uhr im Jugendmagnet Frechen-K\u00f6nigsdorf, Aachener Stra\u00dfe 564.<\/p>\n<p>Anmeldung unter 0151\/70559818 oder 0157\/30705394.<\/p>\n<p><strong>Von Elke Petrasch-Brucher<\/strong><\/p>\n\t\t\t\t\t\t\t\t<\/div>\n\t\t\t\t<\/div>\n\t\t\t\t<div class=\"elementor-element elementor-element-4caf62e1 elementor-widget elementor-widget-gallery\" data-id=\"4caf62e1\" data-element_type=\"widget\" data-e-type=\"widget\" data-settings=\"{&quot;image_hover_animation&quot;:&quot;grow&quot;,&quot;gallery_layout&quot;:&quot;masonry&quot;,&quot;lazyload&quot;:&quot;yes&quot;,&quot;columns&quot;:4,&quot;columns_tablet&quot;:2,&quot;columns_mobile&quot;:1,&quot;gap&quot;:{&quot;unit&quot;:&quot;px&quot;,&quot;size&quot;:10,&quot;sizes&quot;:[]},&quot;gap_tablet&quot;:{&quot;unit&quot;:&quot;px&quot;,&quot;size&quot;:10,&quot;sizes&quot;:[]},&quot;gap_mobile&quot;:{&quot;unit&quot;:&quot;px&quot;,&quot;size&quot;:10,&quot;sizes&quot;:[]},&quot;link_to&quot;:&quot;file&quot;,&quot;overlay_background&quot;:&quot;yes&quot;,&quot;content_hover_animation&quot;:&quot;fade-in&quot;}\" data-widget_type=\"gallery.default\">\n\t\t\t\t<div class=\"elementor-widget-container\">\n\t\t\t\t\t\t\t<div class=\"elementor-gallery__container\">\n\t\t\t\t\t\t\t<a class=\"e-gallery-item elementor-gallery-item elementor-animated-content\" href=\"https:\/\/chorschule-frechen.de\/wp-content\/uploads\/2024\/12\/stattya.png\" data-elementor-open-lightbox=\"yes\" data-elementor-lightbox-slideshow=\"4caf62e1\" data-elementor-lightbox-title=\"Erste Ver\u00f6ffentlichung in der Presse. K\u00f6lner Stadt-Anzeiger Zeitung.\" data-elementor-lightbox-description=\"Erste Ver\u00f6ffentlichung in der Presse. K\u00f6lner Stadt-Anzeiger Zeitung. \" data-e-action-hash=\"#elementor-action%3Aaction%3Dlightbox%26settings%3DeyJpZCI6NTcyMywidXJsIjoiaHR0cHM6XC9cL2Nob3JzY2h1bGUtZnJlY2hlbi5kZVwvd3AtY29udGVudFwvdXBsb2Fkc1wvMjAyNFwvMTJcL3N0YXR0eWEucG5nIiwic2xpZGVzaG93IjoiNGNhZjYyZTEifQ%3D%3D\">\n\t\t\t\t\t<div class=\"e-gallery-image elementor-gallery-item__image\" data-thumbnail=\"https:\/\/chorschule-frechen.de\/wp-content\/uploads\/2024\/12\/stattya-234x300.png\" data-width=\"234\" data-height=\"300\" aria-label=\"Erste Ver\u00f6ffentlichung in der Presse. K\u00f6lner Stadt-Anzeiger Zeitung. \" role=\"img\" ><\/div>\n\t\t\t\t\t\t\t\t\t\t\t<div class=\"elementor-gallery-item__overlay\"><\/div>\n\t\t\t\t\t\t\t\t\t\t\t\t\t\t<\/a>\n\t\t\t\t\t\t\t<a class=\"e-gallery-item elementor-gallery-item elementor-animated-content\" href=\"https:\/\/chorschule-frechen.de\/wp-content\/uploads\/2024\/12\/stattya-vsya.png\" data-elementor-open-lightbox=\"yes\" data-elementor-lightbox-slideshow=\"4caf62e1\" data-elementor-lightbox-title=\"\u041f\u0435\u0440\u0448\u0430 \u043f\u0443\u0431\u043b\u0456\u043a\u0430\u0446\u0456\u044f \u0432 \u043f\u0440\u0435\u0441\u0456. \u0413\u0430\u0437\u0435\u0442\u0430 K\u00f6lner Stadt-Anzeiger.\" data-elementor-lightbox-description=\"\u041f\u0435\u0440\u0448\u0430 \u043f\u0443\u0431\u043b\u0456\u043a\u0430\u0446\u0456\u044f \u0432 \u043f\u0440\u0435\u0441\u0456. \u0413\u0430\u0437\u0435\u0442\u0430 K\u00f6lner Stadt-Anzeiger.\" data-e-action-hash=\"#elementor-action%3Aaction%3Dlightbox%26settings%3DeyJpZCI6NTcyNCwidXJsIjoiaHR0cHM6XC9cL2Nob3JzY2h1bGUtZnJlY2hlbi5kZVwvd3AtY29udGVudFwvdXBsb2Fkc1wvMjAyNFwvMTJcL3N0YXR0eWEtdnN5YS5wbmciLCJzbGlkZXNob3ciOiI0Y2FmNjJlMSJ9\">\n\t\t\t\t\t<div class=\"e-gallery-image elementor-gallery-item__image\" data-thumbnail=\"https:\/\/chorschule-frechen.de\/wp-content\/uploads\/2024\/12\/stattya-vsya-204x300.png\" data-width=\"204\" data-height=\"300\" aria-label=\"\" role=\"img\" ><\/div>\n\t\t\t\t\t\t\t\t\t\t\t<div class=\"elementor-gallery-item__overlay\"><\/div>\n\t\t\t\t\t\t\t\t\t\t\t\t\t\t<\/a>\n\t\t\t\t\t<\/div>\n\t\t\t\t\t<\/div>\n\t\t\t\t<\/div>\n\t\t\t\t<\/div>\n\t\t\t\t\t<\/div>\n\t\t\t\t<\/div>\n\t\t\t\t<\/div>\n\t\t","protected":false},"excerpt":{"rendered":"<p>Ich habe immer daran geglaubt, dass nichts unm\u00f6glich ist und wir selbst unser<br \/>Schicksal gestalten k\u00f6nnen. Oksana Dondyk, Schulleiterin. <\/p>\n","protected":false},"author":2,"featured_media":5722,"comment_status":"closed","ping_status":"closed","sticky":false,"template":"","format":"standard","meta":{"footnotes":""},"categories":[8],"tags":[],"class_list":["post-5997","post","type-post","status-publish","format-standard","has-post-thumbnail","hentry","category-neuigkeiten"],"yoast_head":"<!-- This site is optimized with the Yoast SEO plugin v27.5 - https:\/\/yoast.com\/product\/yoast-seo-wordpress\/ -->\n<title>Erste Ver\u00f6ffentlichung in der Presse. K\u00f6lner Stadt-Anzeiger Zeitung. - \u0412\u043e\u043a\u0430\u043b\u044c\u043d\u043e-\u0445\u043e\u0440\u043e\u0432\u0430 \u0448\u043a\u043e\u043b\u0430 \u041e\u043a\u0441\u0430\u043d\u0438 \u0414\u043e\u043d\u0434\u0438\u043a<\/title>\n<meta name=\"description\" content=\"Die ukrainische S\u00e4ngerin Oksana Dondyk hat eine Gesangs- und Chorschule er\u00f6ffnet\" \/>\n<meta name=\"robots\" content=\"index, follow, max-snippet:-1, max-image-preview:large, max-video-preview:-1\" \/>\n<link rel=\"canonical\" href=\"https:\/\/chorschule-frechen.de\/de\/erste-veroeffentlichung-in-der-presse-koelner-stadt-anzeiger-zeitung\/\" \/>\n<meta property=\"og:locale\" content=\"de_DE\" \/>\n<meta property=\"og:type\" content=\"article\" \/>\n<meta property=\"og:title\" content=\"Erste Ver\u00f6ffentlichung in der Presse. K\u00f6lner Stadt-Anzeiger Zeitung. - \u0412\u043e\u043a\u0430\u043b\u044c\u043d\u043e-\u0445\u043e\u0440\u043e\u0432\u0430 \u0448\u043a\u043e\u043b\u0430 \u041e\u043a\u0441\u0430\u043d\u0438 \u0414\u043e\u043d\u0434\u0438\u043a\" \/>\n<meta property=\"og:description\" content=\"Die ukrainische S\u00e4ngerin Oksana Dondyk hat eine Gesangs- und Chorschule er\u00f6ffnet\" \/>\n<meta property=\"og:url\" content=\"https:\/\/chorschule-frechen.de\/de\/erste-veroeffentlichung-in-der-presse-koelner-stadt-anzeiger-zeitung\/\" \/>\n<meta property=\"og:site_name\" content=\"\u0412\u043e\u043a\u0430\u043b\u044c\u043d\u043e-\u0445\u043e\u0440\u043e\u0432\u0430 \u0448\u043a\u043e\u043b\u0430 \u041e\u043a\u0441\u0430\u043d\u0438 \u0414\u043e\u043d\u0434\u0438\u043a\" \/>\n<meta property=\"article:published_time\" content=\"2024-11-28T15:29:38+00:00\" \/>\n<meta property=\"article:modified_time\" content=\"2025-01-15T21:15:52+00:00\" \/>\n<meta property=\"og:image\" content=\"https:\/\/chorschule-frechen.de\/wp-content\/uploads\/2024\/12\/cover.png\" \/>\n\t<meta property=\"og:image:width\" content=\"1600\" \/>\n\t<meta property=\"og:image:height\" content=\"900\" \/>\n\t<meta property=\"og:image:type\" content=\"image\/png\" \/>\n<meta name=\"author\" content=\"Olena\" \/>\n<meta name=\"twitter:card\" content=\"summary_large_image\" \/>\n<meta name=\"twitter:label1\" content=\"Verfasst von\" \/>\n\t<meta name=\"twitter:data1\" content=\"Olena\" \/>\n\t<meta name=\"twitter:label2\" content=\"Gesch\u00e4tzte Lesezeit\" \/>\n\t<meta name=\"twitter:data2\" content=\"3\u00a0Minuten\" \/>\n<script type=\"application\/ld+json\" class=\"yoast-schema-graph\">{\"@context\":\"https:\\\/\\\/schema.org\",\"@graph\":[{\"@type\":\"Article\",\"@id\":\"https:\\\/\\\/chorschule-frechen.de\\\/de\\\/erste-veroeffentlichung-in-der-presse-koelner-stadt-anzeiger-zeitung\\\/#article\",\"isPartOf\":{\"@id\":\"https:\\\/\\\/chorschule-frechen.de\\\/de\\\/erste-veroeffentlichung-in-der-presse-koelner-stadt-anzeiger-zeitung\\\/\"},\"author\":{\"name\":\"Olena\",\"@id\":\"https:\\\/\\\/chorschule-frechen.de\\\/de\\\/#\\\/schema\\\/person\\\/c63412e9998b8648500195717e9a8bf9\"},\"headline\":\"Erste Ver\u00f6ffentlichung in der Presse. K\u00f6lner Stadt-Anzeiger Zeitung.\",\"datePublished\":\"2024-11-28T15:29:38+00:00\",\"dateModified\":\"2025-01-15T21:15:52+00:00\",\"mainEntityOfPage\":{\"@id\":\"https:\\\/\\\/chorschule-frechen.de\\\/de\\\/erste-veroeffentlichung-in-der-presse-koelner-stadt-anzeiger-zeitung\\\/\"},\"wordCount\":519,\"publisher\":{\"@id\":\"https:\\\/\\\/chorschule-frechen.de\\\/de\\\/#organization\"},\"image\":{\"@id\":\"https:\\\/\\\/chorschule-frechen.de\\\/de\\\/erste-veroeffentlichung-in-der-presse-koelner-stadt-anzeiger-zeitung\\\/#primaryimage\"},\"thumbnailUrl\":\"https:\\\/\\\/chorschule-frechen.de\\\/wp-content\\\/uploads\\\/2024\\\/12\\\/cover.png\",\"articleSection\":[\"Neuigkeiten\"],\"inLanguage\":\"de\"},{\"@type\":\"WebPage\",\"@id\":\"https:\\\/\\\/chorschule-frechen.de\\\/de\\\/erste-veroeffentlichung-in-der-presse-koelner-stadt-anzeiger-zeitung\\\/\",\"url\":\"https:\\\/\\\/chorschule-frechen.de\\\/de\\\/erste-veroeffentlichung-in-der-presse-koelner-stadt-anzeiger-zeitung\\\/\",\"name\":\"Erste Ver\u00f6ffentlichung in der Presse. K\u00f6lner Stadt-Anzeiger Zeitung. - \u0412\u043e\u043a\u0430\u043b\u044c\u043d\u043e-\u0445\u043e\u0440\u043e\u0432\u0430 \u0448\u043a\u043e\u043b\u0430 \u041e\u043a\u0441\u0430\u043d\u0438 \u0414\u043e\u043d\u0434\u0438\u043a\",\"isPartOf\":{\"@id\":\"https:\\\/\\\/chorschule-frechen.de\\\/de\\\/#website\"},\"primaryImageOfPage\":{\"@id\":\"https:\\\/\\\/chorschule-frechen.de\\\/de\\\/erste-veroeffentlichung-in-der-presse-koelner-stadt-anzeiger-zeitung\\\/#primaryimage\"},\"image\":{\"@id\":\"https:\\\/\\\/chorschule-frechen.de\\\/de\\\/erste-veroeffentlichung-in-der-presse-koelner-stadt-anzeiger-zeitung\\\/#primaryimage\"},\"thumbnailUrl\":\"https:\\\/\\\/chorschule-frechen.de\\\/wp-content\\\/uploads\\\/2024\\\/12\\\/cover.png\",\"datePublished\":\"2024-11-28T15:29:38+00:00\",\"dateModified\":\"2025-01-15T21:15:52+00:00\",\"description\":\"Die ukrainische S\u00e4ngerin Oksana Dondyk hat eine Gesangs- und Chorschule er\u00f6ffnet\",\"breadcrumb\":{\"@id\":\"https:\\\/\\\/chorschule-frechen.de\\\/de\\\/erste-veroeffentlichung-in-der-presse-koelner-stadt-anzeiger-zeitung\\\/#breadcrumb\"},\"inLanguage\":\"de\",\"potentialAction\":[{\"@type\":\"ReadAction\",\"target\":[\"https:\\\/\\\/chorschule-frechen.de\\\/de\\\/erste-veroeffentlichung-in-der-presse-koelner-stadt-anzeiger-zeitung\\\/\"]}]},{\"@type\":\"ImageObject\",\"inLanguage\":\"de\",\"@id\":\"https:\\\/\\\/chorschule-frechen.de\\\/de\\\/erste-veroeffentlichung-in-der-presse-koelner-stadt-anzeiger-zeitung\\\/#primaryimage\",\"url\":\"https:\\\/\\\/chorschule-frechen.de\\\/wp-content\\\/uploads\\\/2024\\\/12\\\/cover.png\",\"contentUrl\":\"https:\\\/\\\/chorschule-frechen.de\\\/wp-content\\\/uploads\\\/2024\\\/12\\\/cover.png\",\"width\":1600,\"height\":900},{\"@type\":\"BreadcrumbList\",\"@id\":\"https:\\\/\\\/chorschule-frechen.de\\\/de\\\/erste-veroeffentlichung-in-der-presse-koelner-stadt-anzeiger-zeitung\\\/#breadcrumb\",\"itemListElement\":[{\"@type\":\"ListItem\",\"position\":1,\"name\":\"\u0413\u043e\u043b\u043e\u0432\u043d\u0430\",\"item\":\"https:\\\/\\\/chorschule-frechen.de\\\/de\\\/hauptseite\\\/\"},{\"@type\":\"ListItem\",\"position\":2,\"name\":\"Erste Ver\u00f6ffentlichung in der Presse. K\u00f6lner Stadt-Anzeiger Zeitung.\"}]},{\"@type\":\"WebSite\",\"@id\":\"https:\\\/\\\/chorschule-frechen.de\\\/de\\\/#website\",\"url\":\"https:\\\/\\\/chorschule-frechen.de\\\/de\\\/\",\"name\":\"\u0412\u043e\u043a\u0430\u043b\u044c\u043d\u043e-\u0445\u043e\u0440\u043e\u0432\u0430 \u0448\u043a\u043e\u043b\u0430 \u041e\u043a\u0441\u0430\u043d\u0438 \u0414\u043e\u043d\u0434\u0438\u043a\",\"description\":\"\u0412\u043e\u043a\u0430\u043b\u044c\u043d\u043e-\u0445\u043e\u0440\u043e\u0432\u0430 \u0448\u043a\u043e\u043b\u0430 \u041e\u043a\u0441\u0430\u043d\u0438 \u0414\u043e\u043d\u0434\u0438\u043a\",\"publisher\":{\"@id\":\"https:\\\/\\\/chorschule-frechen.de\\\/de\\\/#organization\"},\"potentialAction\":[{\"@type\":\"SearchAction\",\"target\":{\"@type\":\"EntryPoint\",\"urlTemplate\":\"https:\\\/\\\/chorschule-frechen.de\\\/de\\\/?s={search_term_string}\"},\"query-input\":{\"@type\":\"PropertyValueSpecification\",\"valueRequired\":true,\"valueName\":\"search_term_string\"}}],\"inLanguage\":\"de\"},{\"@type\":\"Organization\",\"@id\":\"https:\\\/\\\/chorschule-frechen.de\\\/de\\\/#organization\",\"name\":\"\u0412\u043e\u043a\u0430\u043b\u044c\u043d\u043e-\u0445\u043e\u0440\u043e\u0432\u0430 \u0448\u043a\u043e\u043b\u0430 \u041e\u043a\u0441\u0430\u043d\u0438 \u0414\u043e\u043d\u0434\u0438\u043a\",\"url\":\"https:\\\/\\\/chorschule-frechen.de\\\/de\\\/\",\"logo\":{\"@type\":\"ImageObject\",\"inLanguage\":\"de\",\"@id\":\"https:\\\/\\\/chorschule-frechen.de\\\/de\\\/#\\\/schema\\\/logo\\\/image\\\/\",\"url\":\"https:\\\/\\\/chorschule-frechen.de\\\/wp-content\\\/uploads\\\/2024\\\/09\\\/\u041c\u043e\u043d\u0442\u0430\u0436\u043d\u0430\u044f-\u043e\u0431\u043b\u0430\u0441\u0442\u044c-1-e1727349916239.png\",\"contentUrl\":\"https:\\\/\\\/chorschule-frechen.de\\\/wp-content\\\/uploads\\\/2024\\\/09\\\/\u041c\u043e\u043d\u0442\u0430\u0436\u043d\u0430\u044f-\u043e\u0431\u043b\u0430\u0441\u0442\u044c-1-e1727349916239.png\",\"width\":597,\"height\":502,\"caption\":\"\u0412\u043e\u043a\u0430\u043b\u044c\u043d\u043e-\u0445\u043e\u0440\u043e\u0432\u0430 \u0448\u043a\u043e\u043b\u0430 \u041e\u043a\u0441\u0430\u043d\u0438 \u0414\u043e\u043d\u0434\u0438\u043a\"},\"image\":{\"@id\":\"https:\\\/\\\/chorschule-frechen.de\\\/de\\\/#\\\/schema\\\/logo\\\/image\\\/\"}},{\"@type\":\"Person\",\"@id\":\"https:\\\/\\\/chorschule-frechen.de\\\/de\\\/#\\\/schema\\\/person\\\/c63412e9998b8648500195717e9a8bf9\",\"name\":\"Olena\",\"image\":{\"@type\":\"ImageObject\",\"inLanguage\":\"de\",\"@id\":\"https:\\\/\\\/secure.gravatar.com\\\/avatar\\\/c2fed41263a105fbf23df6143b9e0b88817445af0f333775e0e6535970fee31e?s=96&d=mm&r=g\",\"url\":\"https:\\\/\\\/secure.gravatar.com\\\/avatar\\\/c2fed41263a105fbf23df6143b9e0b88817445af0f333775e0e6535970fee31e?s=96&d=mm&r=g\",\"contentUrl\":\"https:\\\/\\\/secure.gravatar.com\\\/avatar\\\/c2fed41263a105fbf23df6143b9e0b88817445af0f333775e0e6535970fee31e?s=96&d=mm&r=g\",\"caption\":\"Olena\"},\"sameAs\":[\"https:\\\/\\\/web-kontora.ua\"],\"url\":\"https:\\\/\\\/chorschule-frechen.de\\\/de\\\/author\\\/snake\\\/\"}]}<\/script>\n<!-- \/ Yoast SEO plugin. -->","yoast_head_json":{"title":"Erste Ver\u00f6ffentlichung in der Presse. K\u00f6lner Stadt-Anzeiger Zeitung. - \u0412\u043e\u043a\u0430\u043b\u044c\u043d\u043e-\u0445\u043e\u0440\u043e\u0432\u0430 \u0448\u043a\u043e\u043b\u0430 \u041e\u043a\u0441\u0430\u043d\u0438 \u0414\u043e\u043d\u0434\u0438\u043a","description":"Die ukrainische S\u00e4ngerin Oksana Dondyk hat eine Gesangs- und Chorschule er\u00f6ffnet","robots":{"index":"index","follow":"follow","max-snippet":"max-snippet:-1","max-image-preview":"max-image-preview:large","max-video-preview":"max-video-preview:-1"},"canonical":"https:\/\/chorschule-frechen.de\/de\/erste-veroeffentlichung-in-der-presse-koelner-stadt-anzeiger-zeitung\/","og_locale":"de_DE","og_type":"article","og_title":"Erste Ver\u00f6ffentlichung in der Presse. K\u00f6lner Stadt-Anzeiger Zeitung. - \u0412\u043e\u043a\u0430\u043b\u044c\u043d\u043e-\u0445\u043e\u0440\u043e\u0432\u0430 \u0448\u043a\u043e\u043b\u0430 \u041e\u043a\u0441\u0430\u043d\u0438 \u0414\u043e\u043d\u0434\u0438\u043a","og_description":"Die ukrainische S\u00e4ngerin Oksana Dondyk hat eine Gesangs- und Chorschule er\u00f6ffnet","og_url":"https:\/\/chorschule-frechen.de\/de\/erste-veroeffentlichung-in-der-presse-koelner-stadt-anzeiger-zeitung\/","og_site_name":"\u0412\u043e\u043a\u0430\u043b\u044c\u043d\u043e-\u0445\u043e\u0440\u043e\u0432\u0430 \u0448\u043a\u043e\u043b\u0430 \u041e\u043a\u0441\u0430\u043d\u0438 \u0414\u043e\u043d\u0434\u0438\u043a","article_published_time":"2024-11-28T15:29:38+00:00","article_modified_time":"2025-01-15T21:15:52+00:00","og_image":[{"width":1600,"height":900,"url":"https:\/\/chorschule-frechen.de\/wp-content\/uploads\/2024\/12\/cover.png","type":"image\/png"}],"author":"Olena","twitter_card":"summary_large_image","twitter_misc":{"Verfasst von":"Olena","Gesch\u00e4tzte Lesezeit":"3\u00a0Minuten"},"schema":{"@context":"https:\/\/schema.org","@graph":[{"@type":"Article","@id":"https:\/\/chorschule-frechen.de\/de\/erste-veroeffentlichung-in-der-presse-koelner-stadt-anzeiger-zeitung\/#article","isPartOf":{"@id":"https:\/\/chorschule-frechen.de\/de\/erste-veroeffentlichung-in-der-presse-koelner-stadt-anzeiger-zeitung\/"},"author":{"name":"Olena","@id":"https:\/\/chorschule-frechen.de\/de\/#\/schema\/person\/c63412e9998b8648500195717e9a8bf9"},"headline":"Erste Ver\u00f6ffentlichung in der Presse. K\u00f6lner Stadt-Anzeiger Zeitung.","datePublished":"2024-11-28T15:29:38+00:00","dateModified":"2025-01-15T21:15:52+00:00","mainEntityOfPage":{"@id":"https:\/\/chorschule-frechen.de\/de\/erste-veroeffentlichung-in-der-presse-koelner-stadt-anzeiger-zeitung\/"},"wordCount":519,"publisher":{"@id":"https:\/\/chorschule-frechen.de\/de\/#organization"},"image":{"@id":"https:\/\/chorschule-frechen.de\/de\/erste-veroeffentlichung-in-der-presse-koelner-stadt-anzeiger-zeitung\/#primaryimage"},"thumbnailUrl":"https:\/\/chorschule-frechen.de\/wp-content\/uploads\/2024\/12\/cover.png","articleSection":["Neuigkeiten"],"inLanguage":"de"},{"@type":"WebPage","@id":"https:\/\/chorschule-frechen.de\/de\/erste-veroeffentlichung-in-der-presse-koelner-stadt-anzeiger-zeitung\/","url":"https:\/\/chorschule-frechen.de\/de\/erste-veroeffentlichung-in-der-presse-koelner-stadt-anzeiger-zeitung\/","name":"Erste Ver\u00f6ffentlichung in der Presse. K\u00f6lner Stadt-Anzeiger Zeitung. - \u0412\u043e\u043a\u0430\u043b\u044c\u043d\u043e-\u0445\u043e\u0440\u043e\u0432\u0430 \u0448\u043a\u043e\u043b\u0430 \u041e\u043a\u0441\u0430\u043d\u0438 \u0414\u043e\u043d\u0434\u0438\u043a","isPartOf":{"@id":"https:\/\/chorschule-frechen.de\/de\/#website"},"primaryImageOfPage":{"@id":"https:\/\/chorschule-frechen.de\/de\/erste-veroeffentlichung-in-der-presse-koelner-stadt-anzeiger-zeitung\/#primaryimage"},"image":{"@id":"https:\/\/chorschule-frechen.de\/de\/erste-veroeffentlichung-in-der-presse-koelner-stadt-anzeiger-zeitung\/#primaryimage"},"thumbnailUrl":"https:\/\/chorschule-frechen.de\/wp-content\/uploads\/2024\/12\/cover.png","datePublished":"2024-11-28T15:29:38+00:00","dateModified":"2025-01-15T21:15:52+00:00","description":"Die ukrainische S\u00e4ngerin Oksana Dondyk hat eine Gesangs- und Chorschule er\u00f6ffnet","breadcrumb":{"@id":"https:\/\/chorschule-frechen.de\/de\/erste-veroeffentlichung-in-der-presse-koelner-stadt-anzeiger-zeitung\/#breadcrumb"},"inLanguage":"de","potentialAction":[{"@type":"ReadAction","target":["https:\/\/chorschule-frechen.de\/de\/erste-veroeffentlichung-in-der-presse-koelner-stadt-anzeiger-zeitung\/"]}]},{"@type":"ImageObject","inLanguage":"de","@id":"https:\/\/chorschule-frechen.de\/de\/erste-veroeffentlichung-in-der-presse-koelner-stadt-anzeiger-zeitung\/#primaryimage","url":"https:\/\/chorschule-frechen.de\/wp-content\/uploads\/2024\/12\/cover.png","contentUrl":"https:\/\/chorschule-frechen.de\/wp-content\/uploads\/2024\/12\/cover.png","width":1600,"height":900},{"@type":"BreadcrumbList","@id":"https:\/\/chorschule-frechen.de\/de\/erste-veroeffentlichung-in-der-presse-koelner-stadt-anzeiger-zeitung\/#breadcrumb","itemListElement":[{"@type":"ListItem","position":1,"name":"\u0413\u043e\u043b\u043e\u0432\u043d\u0430","item":"https:\/\/chorschule-frechen.de\/de\/hauptseite\/"},{"@type":"ListItem","position":2,"name":"Erste Ver\u00f6ffentlichung in der Presse. K\u00f6lner Stadt-Anzeiger Zeitung."}]},{"@type":"WebSite","@id":"https:\/\/chorschule-frechen.de\/de\/#website","url":"https:\/\/chorschule-frechen.de\/de\/","name":"\u0412\u043e\u043a\u0430\u043b\u044c\u043d\u043e-\u0445\u043e\u0440\u043e\u0432\u0430 \u0448\u043a\u043e\u043b\u0430 \u041e\u043a\u0441\u0430\u043d\u0438 \u0414\u043e\u043d\u0434\u0438\u043a","description":"\u0412\u043e\u043a\u0430\u043b\u044c\u043d\u043e-\u0445\u043e\u0440\u043e\u0432\u0430 \u0448\u043a\u043e\u043b\u0430 \u041e\u043a\u0441\u0430\u043d\u0438 \u0414\u043e\u043d\u0434\u0438\u043a","publisher":{"@id":"https:\/\/chorschule-frechen.de\/de\/#organization"},"potentialAction":[{"@type":"SearchAction","target":{"@type":"EntryPoint","urlTemplate":"https:\/\/chorschule-frechen.de\/de\/?s={search_term_string}"},"query-input":{"@type":"PropertyValueSpecification","valueRequired":true,"valueName":"search_term_string"}}],"inLanguage":"de"},{"@type":"Organization","@id":"https:\/\/chorschule-frechen.de\/de\/#organization","name":"\u0412\u043e\u043a\u0430\u043b\u044c\u043d\u043e-\u0445\u043e\u0440\u043e\u0432\u0430 \u0448\u043a\u043e\u043b\u0430 \u041e\u043a\u0441\u0430\u043d\u0438 \u0414\u043e\u043d\u0434\u0438\u043a","url":"https:\/\/chorschule-frechen.de\/de\/","logo":{"@type":"ImageObject","inLanguage":"de","@id":"https:\/\/chorschule-frechen.de\/de\/#\/schema\/logo\/image\/","url":"https:\/\/chorschule-frechen.de\/wp-content\/uploads\/2024\/09\/\u041c\u043e\u043d\u0442\u0430\u0436\u043d\u0430\u044f-\u043e\u0431\u043b\u0430\u0441\u0442\u044c-1-e1727349916239.png","contentUrl":"https:\/\/chorschule-frechen.de\/wp-content\/uploads\/2024\/09\/\u041c\u043e\u043d\u0442\u0430\u0436\u043d\u0430\u044f-\u043e\u0431\u043b\u0430\u0441\u0442\u044c-1-e1727349916239.png","width":597,"height":502,"caption":"\u0412\u043e\u043a\u0430\u043b\u044c\u043d\u043e-\u0445\u043e\u0440\u043e\u0432\u0430 \u0448\u043a\u043e\u043b\u0430 \u041e\u043a\u0441\u0430\u043d\u0438 \u0414\u043e\u043d\u0434\u0438\u043a"},"image":{"@id":"https:\/\/chorschule-frechen.de\/de\/#\/schema\/logo\/image\/"}},{"@type":"Person","@id":"https:\/\/chorschule-frechen.de\/de\/#\/schema\/person\/c63412e9998b8648500195717e9a8bf9","name":"Olena","image":{"@type":"ImageObject","inLanguage":"de","@id":"https:\/\/secure.gravatar.com\/avatar\/c2fed41263a105fbf23df6143b9e0b88817445af0f333775e0e6535970fee31e?s=96&d=mm&r=g","url":"https:\/\/secure.gravatar.com\/avatar\/c2fed41263a105fbf23df6143b9e0b88817445af0f333775e0e6535970fee31e?s=96&d=mm&r=g","contentUrl":"https:\/\/secure.gravatar.com\/avatar\/c2fed41263a105fbf23df6143b9e0b88817445af0f333775e0e6535970fee31e?s=96&d=mm&r=g","caption":"Olena"},"sameAs":["https:\/\/web-kontora.ua"],"url":"https:\/\/chorschule-frechen.de\/de\/author\/snake\/"}]}},"_links":{"self":[{"href":"https:\/\/chorschule-frechen.de\/de\/wp-json\/wp\/v2\/posts\/5997","targetHints":{"allow":["GET"]}}],"collection":[{"href":"https:\/\/chorschule-frechen.de\/de\/wp-json\/wp\/v2\/posts"}],"about":[{"href":"https:\/\/chorschule-frechen.de\/de\/wp-json\/wp\/v2\/types\/post"}],"author":[{"embeddable":true,"href":"https:\/\/chorschule-frechen.de\/de\/wp-json\/wp\/v2\/users\/2"}],"replies":[{"embeddable":true,"href":"https:\/\/chorschule-frechen.de\/de\/wp-json\/wp\/v2\/comments?post=5997"}],"version-history":[{"count":1,"href":"https:\/\/chorschule-frechen.de\/de\/wp-json\/wp\/v2\/posts\/5997\/revisions"}],"predecessor-version":[{"id":5998,"href":"https:\/\/chorschule-frechen.de\/de\/wp-json\/wp\/v2\/posts\/5997\/revisions\/5998"}],"wp:featuredmedia":[{"embeddable":true,"href":"https:\/\/chorschule-frechen.de\/de\/wp-json\/wp\/v2\/media\/5722"}],"wp:attachment":[{"href":"https:\/\/chorschule-frechen.de\/de\/wp-json\/wp\/v2\/media?parent=5997"}],"wp:term":[{"taxonomy":"category","embeddable":true,"href":"https:\/\/chorschule-frechen.de\/de\/wp-json\/wp\/v2\/categories?post=5997"},{"taxonomy":"post_tag","embeddable":true,"href":"https:\/\/chorschule-frechen.de\/de\/wp-json\/wp\/v2\/tags?post=5997"}],"curies":[{"name":"wp","href":"https:\/\/api.w.org\/{rel}","templated":true}]}}