{"id":5995,"date":"2024-11-02T22:23:20","date_gmt":"2024-11-02T20:23:20","guid":{"rendered":"https:\/\/chorschule-frechen.de\/die-feierliche-eroeffnung-der-gesangs-und-chorschule-fand-statt\/"},"modified":"2025-01-15T23:06:06","modified_gmt":"2025-01-15T21:06:06","slug":"die-feierliche-eroeffnung-der-gesangs-und-chorschule-fand-statt","status":"publish","type":"post","link":"https:\/\/chorschule-frechen.de\/de\/die-feierliche-eroeffnung-der-gesangs-und-chorschule-fand-statt\/","title":{"rendered":"Die feierliche Er\u00f6ffnung der Gesangs- und Chorschule fand statt"},"content":{"rendered":"\t\t<div data-elementor-type=\"wp-post\" data-elementor-id=\"5995\" class=\"elementor elementor-5995 elementor-820\" data-elementor-post-type=\"post\">\n\t\t\t\t<div class=\"elementor-element elementor-element-eab419d e-flex e-con-boxed e-con e-parent\" data-id=\"eab419d\" data-element_type=\"container\" data-e-type=\"container\">\n\t\t\t\t\t<div class=\"e-con-inner\">\n\t\t<div class=\"elementor-element elementor-element-69c0861 e-con-full e-flex e-con e-child\" data-id=\"69c0861\" data-element_type=\"container\" data-e-type=\"container\">\n\t\t<a class=\"elementor-element elementor-element-840eb5d e-con-full wk-image-block e-flex e-con e-child\" data-id=\"840eb5d\" data-element_type=\"container\" data-e-type=\"container\" href=\"https:\/\/chorschule-frechen.de\/wp-content\/uploads\/2024\/10\/vidkryttya.jpg\">\n\t\t\t\t<div class=\"elementor-element elementor-element-b97c9e8 wk-image elementor-widget elementor-widget-image\" data-id=\"b97c9e8\" data-element_type=\"widget\" data-e-type=\"widget\" data-widget_type=\"image.default\">\n\t\t\t\t<div class=\"elementor-widget-container\">\n\t\t\t\t\t\t\t\t\t\t\t\t\t\t\t<img fetchpriority=\"high\" decoding=\"async\" width=\"800\" height=\"450\" src=\"https:\/\/chorschule-frechen.de\/wp-content\/uploads\/2024\/10\/vidkryttya-1024x576.jpg\" class=\"attachment-large size-large wp-image-5685\" alt=\"\" srcset=\"https:\/\/chorschule-frechen.de\/wp-content\/uploads\/2024\/10\/vidkryttya-1024x576.jpg 1024w, https:\/\/chorschule-frechen.de\/wp-content\/uploads\/2024\/10\/vidkryttya-300x169.jpg 300w, https:\/\/chorschule-frechen.de\/wp-content\/uploads\/2024\/10\/vidkryttya-768x432.jpg 768w, https:\/\/chorschule-frechen.de\/wp-content\/uploads\/2024\/10\/vidkryttya-1536x864.jpg 1536w, https:\/\/chorschule-frechen.de\/wp-content\/uploads\/2024\/10\/vidkryttya.jpg 1920w\" sizes=\"(max-width: 800px) 100vw, 800px\" \/>\t\t\t\t\t\t\t\t\t\t\t\t\t\t\t<\/div>\n\t\t\t\t<\/div>\n\t\t\t\t<div class=\"elementor-element elementor-element-064b047 elementor-absolute wk-image-icon elementor-view-default elementor-widget elementor-widget-icon\" data-id=\"064b047\" data-element_type=\"widget\" data-e-type=\"widget\" data-settings=\"{&quot;_position&quot;:&quot;absolute&quot;}\" data-widget_type=\"icon.default\">\n\t\t\t\t<div class=\"elementor-widget-container\">\n\t\t\t\t\t\t\t<div class=\"elementor-icon-wrapper\">\n\t\t\t<div class=\"elementor-icon\">\n\t\t\t<svg aria-hidden=\"true\" class=\"e-font-icon-svg e-fas-search\" viewBox=\"0 0 512 512\" xmlns=\"http:\/\/www.w3.org\/2000\/svg\"><path d=\"M505 442.7L405.3 343c-4.5-4.5-10.6-7-17-7H372c27.6-35.3 44-79.7 44-128C416 93.1 322.9 0 208 0S0 93.1 0 208s93.1 208 208 208c48.3 0 92.7-16.4 128-44v16.3c0 6.4 2.5 12.5 7 17l99.7 99.7c9.4 9.4 24.6 9.4 33.9 0l28.3-28.3c9.4-9.4 9.4-24.6.1-34zM208 336c-70.7 0-128-57.2-128-128 0-70.7 57.2-128 128-128 70.7 0 128 57.2 128 128 0 70.7-57.2 128-128 128z\"><\/path><\/svg>\t\t\t<\/div>\n\t\t<\/div>\n\t\t\t\t\t\t<\/div>\n\t\t\t\t<\/div>\n\t\t<div class=\"elementor-element elementor-element-7ef8cf8 e-con-full e-flex e-con e-child\" data-id=\"7ef8cf8\" data-element_type=\"container\" data-e-type=\"container\" data-settings=\"{&quot;background_background&quot;:&quot;classic&quot;,&quot;position&quot;:&quot;absolute&quot;}\">\n\t\t\t\t<div class=\"elementor-element elementor-element-82da79f wk-line elementor-widget elementor-widget-text-editor\" data-id=\"82da79f\" data-element_type=\"widget\" data-e-type=\"widget\" data-widget_type=\"text-editor.default\">\n\t\t\t\t<div class=\"elementor-widget-container\">\n\t\t\t\t\t\t\t\t\tNov.\t\t\t\t\t\t\t\t<\/div>\n\t\t\t\t<\/div>\n\t\t\t\t<div class=\"elementor-element elementor-element-c1a6127 wk-line elementor-widget elementor-widget-text-editor\" data-id=\"c1a6127\" data-element_type=\"widget\" data-e-type=\"widget\" data-widget_type=\"text-editor.default\">\n\t\t\t\t<div class=\"elementor-widget-container\">\n\t\t\t\t\t\t\t\t\t02\t\t\t\t\t\t\t\t<\/div>\n\t\t\t\t<\/div>\n\t\t\t\t<div class=\"elementor-element elementor-element-6bb41c5 elementor-widget elementor-widget-text-editor\" data-id=\"6bb41c5\" data-element_type=\"widget\" data-e-type=\"widget\" data-widget_type=\"text-editor.default\">\n\t\t\t\t<div class=\"elementor-widget-container\">\n\t\t\t\t\t\t\t\t\t2024\t\t\t\t\t\t\t\t<\/div>\n\t\t\t\t<\/div>\n\t\t\t\t<\/div>\n\t\t\t\t<\/a>\n\t\t\t\t<\/div>\n\t\t<div class=\"elementor-element elementor-element-868f50c e-con-full e-flex e-con e-child\" data-id=\"868f50c\" data-element_type=\"container\" data-e-type=\"container\">\n\t\t\t\t<div class=\"elementor-element elementor-element-0693deb elementor-widget elementor-widget-text-editor\" data-id=\"0693deb\" data-element_type=\"widget\" data-e-type=\"widget\" data-widget_type=\"text-editor.default\">\n\t\t\t\t<div class=\"elementor-widget-container\">\n\t\t\t\t\t\t\t\t\t<p>Gesangs- und Chorschule Oksana Dondyk feiert Er\u00f6ffnung<\/p>\n\t\t\t\t\t\t\t\t<\/div>\n\t\t\t\t<\/div>\n\t\t\t\t<div class=\"elementor-element elementor-element-1a9b3a5 elementor-widget elementor-widget-text-editor\" data-id=\"1a9b3a5\" data-element_type=\"widget\" data-e-type=\"widget\" data-widget_type=\"text-editor.default\">\n\t\t\t\t<div class=\"elementor-widget-container\">\n\t\t\t\t\t\t\t\t\t<p><strong>Frechen. Rhein-Erft-Kreis. <\/strong> Oksana Dondyk begr\u00fc\u00dfte viele Gleichgesinnte und Freunde aus Frechen bei der offiziellen Er\u00f6ffnung ihrer Gesangs- und Chorschule, die sie vor wenigen Tagen im Zentrum von Frechen vorstellte.<\/p>\n\t\t\t\t\t\t\t\t<\/div>\n\t\t\t\t<\/div>\n\t\t\t\t<\/div>\n\t\t\t\t\t<\/div>\n\t\t\t\t<\/div>\n\t\t<div class=\"elementor-element elementor-element-3a3ba33 e-flex e-con-boxed e-con e-parent\" data-id=\"3a3ba33\" data-element_type=\"container\" data-e-type=\"container\">\n\t\t\t\t\t<div class=\"e-con-inner\">\n\t\t<div class=\"elementor-element elementor-element-5e9f9c6 e-con-full e-flex e-con e-child\" data-id=\"5e9f9c6\" data-element_type=\"container\" data-e-type=\"container\">\n\t\t\t\t<div class=\"elementor-element elementor-element-cb9de4e elementor-widget elementor-widget-text-editor\" data-id=\"cb9de4e\" data-element_type=\"widget\" data-e-type=\"widget\" data-widget_type=\"text-editor.default\">\n\t\t\t\t<div class=\"elementor-widget-container\">\n\t\t\t\t\t\t\t\t\t<p><em>\u201eIch bin gl\u00fccklich, hier auf dieser B\u00fchne zu stehen, und ich bin gl\u00fccklich, dass mein Traum, eine eigene Musikschule zu gr\u00fcnden, nun Wirklichkeit wird\u201c,<\/em> so die Worte der ukrainischen Musikerin, die in ihrer Heimat in Kiew eine renommierte und ber\u00fchmte S\u00e4ngerin und Chorleiterin ist. <em>\u201eIch habe einen langen und schwierigen Weg hinter mir, aber ich habe immer daran geglaubt, dass nichts unm\u00f6glich ist und dass wir selbst unser Schicksal gestalten\u201c,<\/em> beschreibt sie ihre pers\u00f6nliche Situation in den letzten zwei Jahren.<\/p>\n<p>Das, was ihr am Herzen liegt, hat sie zusammen mit viel Unterst\u00fctzung aus der Frechener B\u00fcrgerschaft Schritt f\u00fcr Schritt aufbauen k\u00f6nnen: ihre eigene Gesangsschule. \u00dcber viele Monate f\u00fchrte sie Gespr\u00e4che auch mit Unterst\u00fctzung der Frechener Wirtschaftsf\u00f6rderung, um alle Voraussetzungen erf\u00fcllen zu k\u00f6nnen. Eine davon war sicherlich die Suche nach den geeigneten R\u00e4umlichkeiten. Diese fand sie mit Hilfe der Opernwerkstatt am Rhein, die in der Frechener City, H\u00fcchelner Str. 2 ihre Prober\u00e4ume hat.<em> \u201eEs sind ideale R\u00e4umlichkeiten, die neben einem professionellen und gut klingenden Proberaum mit Fl\u00fcgel auch wundersch\u00f6ne Sozialr\u00e4ume hat, wo der Chor zum Austausch und zur Entspannung zusammenkommen kann\u201c,<\/em> verr\u00e4t Oksana Dondyk, die an diesem Ort den Chor f\u00fcr Erwachsene leiten wird. Aber auch ihre gro\u00dfe Leidenschaft und Verbundenheit mit jungen S\u00e4ngerinnen und S\u00e4ngern bringt sie ein und wird in Frechen-K\u00f6nigsdorf an der Aachener Stra\u00dfe im JugendMagnet einen Kinderchor leiten.     <\/p>\n\t\t\t\t\t\t\t\t<\/div>\n\t\t\t\t<\/div>\n\t\t\t\t<div class=\"elementor-element elementor-element-515134a elementor-widget elementor-widget-gallery\" data-id=\"515134a\" data-element_type=\"widget\" data-e-type=\"widget\" data-settings=\"{&quot;image_hover_animation&quot;:&quot;grow&quot;,&quot;gallery_layout&quot;:&quot;justified&quot;,&quot;lazyload&quot;:&quot;yes&quot;,&quot;ideal_row_height&quot;:{&quot;unit&quot;:&quot;px&quot;,&quot;size&quot;:200,&quot;sizes&quot;:[]},&quot;ideal_row_height_tablet&quot;:{&quot;unit&quot;:&quot;px&quot;,&quot;size&quot;:150,&quot;sizes&quot;:[]},&quot;ideal_row_height_mobile&quot;:{&quot;unit&quot;:&quot;px&quot;,&quot;size&quot;:150,&quot;sizes&quot;:[]},&quot;gap&quot;:{&quot;unit&quot;:&quot;px&quot;,&quot;size&quot;:10,&quot;sizes&quot;:[]},&quot;gap_tablet&quot;:{&quot;unit&quot;:&quot;px&quot;,&quot;size&quot;:10,&quot;sizes&quot;:[]},&quot;gap_mobile&quot;:{&quot;unit&quot;:&quot;px&quot;,&quot;size&quot;:10,&quot;sizes&quot;:[]},&quot;link_to&quot;:&quot;file&quot;,&quot;overlay_background&quot;:&quot;yes&quot;,&quot;content_hover_animation&quot;:&quot;fade-in&quot;}\" data-widget_type=\"gallery.default\">\n\t\t\t\t<div class=\"elementor-widget-container\">\n\t\t\t\t\t\t\t<div class=\"elementor-gallery__container\">\n\t\t\t\t\t\t\t<a class=\"e-gallery-item elementor-gallery-item elementor-animated-content\" href=\"https:\/\/chorschule-frechen.de\/wp-content\/uploads\/2024\/11\/news1-scaled.jpg\" data-elementor-open-lightbox=\"yes\" data-elementor-lightbox-slideshow=\"515134a\" data-elementor-lightbox-title=\"News1\" data-elementor-lightbox-description=\"\u0423 \u0441\u0432\u044f\u0442\u043a\u043e\u0432\u0456\u0439 \u0446\u0435\u0440\u0435\u043c\u043e\u043d\u0456\u0457 \u0432\u0437\u044f\u043b\u0438 \u0443\u0447\u0430\u0441\u0442\u044c \u043c\u0435\u0440 \u043c\u0456\u0441\u0442\u0430 \u0424\u0440\u0435\u0445\u0435\u043d \u0421\u044e\u0437\u0430\u043d\u043d\u0438 \u0421\u0442\u0443\u043f \u0442\u0430 \u0432\u0456\u0434\u043e\u043c\u0438\u0439 \u0433\u0440\u043e\u043c\u0430\u0434\u0441\u044c\u043a\u0438\u0439 \u0434\u0456\u044f\u0447 \u0419\u043e\u0445\u0430\u043d\u043d\u0435\u0441 \u041f\u0430\u0443\u043b\u044c.\" data-e-action-hash=\"#elementor-action%3Aaction%3Dlightbox%26settings%3DeyJpZCI6NTY5NywidXJsIjoiaHR0cHM6XC9cL2Nob3JzY2h1bGUtZnJlY2hlbi5kZVwvd3AtY29udGVudFwvdXBsb2Fkc1wvMjAyNFwvMTFcL25ld3MxLXNjYWxlZC5qcGciLCJzbGlkZXNob3ciOiI1MTUxMzRhIn0%3D\">\n\t\t\t\t\t<div class=\"e-gallery-image elementor-gallery-item__image\" data-thumbnail=\"https:\/\/chorschule-frechen.de\/wp-content\/uploads\/2024\/11\/news1-300x200.jpg\" data-width=\"300\" data-height=\"200\" aria-label=\"\u0412\u0456\u0434\u043a\u0440\u0438\u0442\u0442\u044f \u0448\u043a\u043e\u043b\u0438 02.11.2024\" role=\"img\" ><\/div>\n\t\t\t\t\t\t\t\t\t\t\t<div class=\"elementor-gallery-item__overlay\"><\/div>\n\t\t\t\t\t\t\t\t\t\t\t\t\t\t<\/a>\n\t\t\t\t\t\t\t<a class=\"e-gallery-item elementor-gallery-item elementor-animated-content\" href=\"https:\/\/chorschule-frechen.de\/wp-content\/uploads\/2024\/11\/news2-scaled.jpg\" data-elementor-open-lightbox=\"yes\" data-elementor-lightbox-slideshow=\"515134a\" data-elementor-lightbox-title=\"News2\" data-elementor-lightbox-description=\"\u0423 \u0441\u0432\u044f\u0442\u043a\u043e\u0432\u0456\u0439 \u0446\u0435\u0440\u0435\u043c\u043e\u043d\u0456\u0457 \u0432\u0437\u044f\u043b\u0438 \u0443\u0447\u0430\u0441\u0442\u044c \u043c\u0435\u0440 \u043c\u0456\u0441\u0442\u0430 \u0424\u0440\u0435\u0445\u0435\u043d \u0421\u044e\u0437\u0430\u043d\u043d\u0438 \u0421\u0442\u0443\u043f \u0442\u0430 \u0432\u0456\u0434\u043e\u043c\u0438\u0439 \u0433\u0440\u043e\u043c\u0430\u0434\u0441\u044c\u043a\u0438\u0439 \u0434\u0456\u044f\u0447 \u0419\u043e\u0445\u0430\u043d\u043d\u0435\u0441 \u041f\u0430\u0443\u043b\u044c.\" data-e-action-hash=\"#elementor-action%3Aaction%3Dlightbox%26settings%3DeyJpZCI6NTY5OCwidXJsIjoiaHR0cHM6XC9cL2Nob3JzY2h1bGUtZnJlY2hlbi5kZVwvd3AtY29udGVudFwvdXBsb2Fkc1wvMjAyNFwvMTFcL25ld3MyLXNjYWxlZC5qcGciLCJzbGlkZXNob3ciOiI1MTUxMzRhIn0%3D\">\n\t\t\t\t\t<div class=\"e-gallery-image elementor-gallery-item__image\" data-thumbnail=\"https:\/\/chorschule-frechen.de\/wp-content\/uploads\/2024\/11\/news2-300x200.jpg\" data-width=\"300\" data-height=\"200\" aria-label=\"\u0412\u0456\u0434\u043a\u0440\u0438\u0442\u0442\u044f \u0448\u043a\u043e\u043b\u0438 02.11.2024\" role=\"img\" ><\/div>\n\t\t\t\t\t\t\t\t\t\t\t<div class=\"elementor-gallery-item__overlay\"><\/div>\n\t\t\t\t\t\t\t\t\t\t\t\t\t\t<\/a>\n\t\t\t\t\t\t\t<a class=\"e-gallery-item elementor-gallery-item elementor-animated-content\" href=\"https:\/\/chorschule-frechen.de\/wp-content\/uploads\/2024\/11\/news3-scaled.jpg\" data-elementor-open-lightbox=\"yes\" data-elementor-lightbox-slideshow=\"515134a\" data-elementor-lightbox-title=\"News3\" data-elementor-lightbox-description=\"\u0423 \u0441\u0432\u044f\u0442\u043a\u043e\u0432\u0456\u0439 \u0446\u0435\u0440\u0435\u043c\u043e\u043d\u0456\u0457 \u0432\u0437\u044f\u043b\u0438 \u0443\u0447\u0430\u0441\u0442\u044c \u043c\u0435\u0440 \u043c\u0456\u0441\u0442\u0430 \u0424\u0440\u0435\u0445\u0435\u043d \u0421\u044e\u0437\u0430\u043d\u043d\u0438 \u0421\u0442\u0443\u043f \u0442\u0430 \u0432\u0456\u0434\u043e\u043c\u0438\u0439 \u0433\u0440\u043e\u043c\u0430\u0434\u0441\u044c\u043a\u0438\u0439 \u0434\u0456\u044f\u0447 \u0419\u043e\u0445\u0430\u043d\u043d\u0435\u0441 \u041f\u0430\u0443\u043b\u044c.\" data-e-action-hash=\"#elementor-action%3Aaction%3Dlightbox%26settings%3DeyJpZCI6NTY5OSwidXJsIjoiaHR0cHM6XC9cL2Nob3JzY2h1bGUtZnJlY2hlbi5kZVwvd3AtY29udGVudFwvdXBsb2Fkc1wvMjAyNFwvMTFcL25ld3MzLXNjYWxlZC5qcGciLCJzbGlkZXNob3ciOiI1MTUxMzRhIn0%3D\">\n\t\t\t\t\t<div class=\"e-gallery-image elementor-gallery-item__image\" data-thumbnail=\"https:\/\/chorschule-frechen.de\/wp-content\/uploads\/2024\/11\/news3-300x200.jpg\" data-width=\"300\" data-height=\"200\" aria-label=\"\u0412\u0456\u0434\u043a\u0440\u0438\u0442\u0442\u044f \u0448\u043a\u043e\u043b\u0438 02.11.2024\" role=\"img\" ><\/div>\n\t\t\t\t\t\t\t\t\t\t\t<div class=\"elementor-gallery-item__overlay\"><\/div>\n\t\t\t\t\t\t\t\t\t\t\t\t\t\t<\/a>\n\t\t\t\t\t\t\t<a class=\"e-gallery-item elementor-gallery-item elementor-animated-content\" href=\"https:\/\/chorschule-frechen.de\/wp-content\/uploads\/2024\/11\/news4.jpg\" data-elementor-open-lightbox=\"yes\" data-elementor-lightbox-slideshow=\"515134a\" data-elementor-lightbox-title=\"News4\" data-elementor-lightbox-description=\"\u0423 \u0441\u0432\u044f\u0442\u043a\u043e\u0432\u0456\u0439 \u0446\u0435\u0440\u0435\u043c\u043e\u043d\u0456\u0457 \u0432\u0437\u044f\u043b\u0438 \u0443\u0447\u0430\u0441\u0442\u044c \u043c\u0435\u0440 \u043c\u0456\u0441\u0442\u0430 \u0424\u0440\u0435\u0445\u0435\u043d \u0421\u044e\u0437\u0430\u043d\u043d\u0438 \u0421\u0442\u0443\u043f \u0442\u0430 \u0432\u0456\u0434\u043e\u043c\u0438\u0439 \u0433\u0440\u043e\u043c\u0430\u0434\u0441\u044c\u043a\u0438\u0439 \u0434\u0456\u044f\u0447 \u0419\u043e\u0445\u0430\u043d\u043d\u0435\u0441 \u041f\u0430\u0443\u043b\u044c.\" data-e-action-hash=\"#elementor-action%3Aaction%3Dlightbox%26settings%3DeyJpZCI6NTY4OCwidXJsIjoiaHR0cHM6XC9cL2Nob3JzY2h1bGUtZnJlY2hlbi5kZVwvd3AtY29udGVudFwvdXBsb2Fkc1wvMjAyNFwvMTFcL25ld3M0LmpwZyIsInNsaWRlc2hvdyI6IjUxNTEzNGEifQ%3D%3D\">\n\t\t\t\t\t<div class=\"e-gallery-image elementor-gallery-item__image\" data-thumbnail=\"https:\/\/chorschule-frechen.de\/wp-content\/uploads\/2024\/11\/news4-300x169.jpg\" data-width=\"300\" data-height=\"169\" aria-label=\"\u0412\u0456\u0434\u043a\u0440\u0438\u0442\u0442\u044f \u0448\u043a\u043e\u043b\u0438 02.11.2024\" role=\"img\" ><\/div>\n\t\t\t\t\t\t\t\t\t\t\t<div class=\"elementor-gallery-item__overlay\"><\/div>\n\t\t\t\t\t\t\t\t\t\t\t\t\t\t<\/a>\n\t\t\t\t\t\t\t<a class=\"e-gallery-item elementor-gallery-item elementor-animated-content\" href=\"https:\/\/chorschule-frechen.de\/wp-content\/uploads\/2024\/11\/news5.jpg\" data-elementor-open-lightbox=\"yes\" data-elementor-lightbox-slideshow=\"515134a\" data-elementor-lightbox-title=\"News5\" data-elementor-lightbox-description=\"\u0423 \u0441\u0432\u044f\u0442\u043a\u043e\u0432\u0456\u0439 \u0446\u0435\u0440\u0435\u043c\u043e\u043d\u0456\u0457 \u0432\u0437\u044f\u043b\u0438 \u0443\u0447\u0430\u0441\u0442\u044c \u043c\u0435\u0440 \u043c\u0456\u0441\u0442\u0430 \u0424\u0440\u0435\u0445\u0435\u043d \u0421\u044e\u0437\u0430\u043d\u043d\u0438 \u0421\u0442\u0443\u043f \u0442\u0430 \u0432\u0456\u0434\u043e\u043c\u0438\u0439 \u0433\u0440\u043e\u043c\u0430\u0434\u0441\u044c\u043a\u0438\u0439 \u0434\u0456\u044f\u0447 \u0419\u043e\u0445\u0430\u043d\u043d\u0435\u0441 \u041f\u0430\u0443\u043b\u044c.\" data-e-action-hash=\"#elementor-action%3Aaction%3Dlightbox%26settings%3DeyJpZCI6NTY4OSwidXJsIjoiaHR0cHM6XC9cL2Nob3JzY2h1bGUtZnJlY2hlbi5kZVwvd3AtY29udGVudFwvdXBsb2Fkc1wvMjAyNFwvMTFcL25ld3M1LmpwZyIsInNsaWRlc2hvdyI6IjUxNTEzNGEifQ%3D%3D\">\n\t\t\t\t\t<div class=\"e-gallery-image elementor-gallery-item__image\" data-thumbnail=\"https:\/\/chorschule-frechen.de\/wp-content\/uploads\/2024\/11\/news5-300x169.jpg\" data-width=\"300\" data-height=\"169\" aria-label=\"\u0412\u0456\u0434\u043a\u0440\u0438\u0442\u0442\u044f \u0448\u043a\u043e\u043b\u0438 \" role=\"img\" ><\/div>\n\t\t\t\t\t\t\t\t\t\t\t<div class=\"elementor-gallery-item__overlay\"><\/div>\n\t\t\t\t\t\t\t\t\t\t\t\t\t\t<\/a>\n\t\t\t\t\t\t\t<a class=\"e-gallery-item elementor-gallery-item elementor-animated-content\" href=\"https:\/\/chorschule-frechen.de\/wp-content\/uploads\/2024\/11\/news6.jpg\" data-elementor-open-lightbox=\"yes\" data-elementor-lightbox-slideshow=\"515134a\" data-elementor-lightbox-title=\"News6\" data-elementor-lightbox-description=\"\u0423 \u0441\u0432\u044f\u0442\u043a\u043e\u0432\u0456\u0439 \u0446\u0435\u0440\u0435\u043c\u043e\u043d\u0456\u0457 \u0432\u0437\u044f\u043b\u0438 \u0443\u0447\u0430\u0441\u0442\u044c \u043c\u0435\u0440 \u043c\u0456\u0441\u0442\u0430 \u0424\u0440\u0435\u0445\u0435\u043d \u0421\u044e\u0437\u0430\u043d\u043d\u0438 \u0421\u0442\u0443\u043f \u0442\u0430 \u0432\u0456\u0434\u043e\u043c\u0438\u0439 \u0433\u0440\u043e\u043c\u0430\u0434\u0441\u044c\u043a\u0438\u0439 \u0434\u0456\u044f\u0447 \u0419\u043e\u0445\u0430\u043d\u043d\u0435\u0441 \u041f\u0430\u0443\u043b\u044c.\" data-e-action-hash=\"#elementor-action%3Aaction%3Dlightbox%26settings%3DeyJpZCI6NTY5MCwidXJsIjoiaHR0cHM6XC9cL2Nob3JzY2h1bGUtZnJlY2hlbi5kZVwvd3AtY29udGVudFwvdXBsb2Fkc1wvMjAyNFwvMTFcL25ld3M2LmpwZyIsInNsaWRlc2hvdyI6IjUxNTEzNGEifQ%3D%3D\">\n\t\t\t\t\t<div class=\"e-gallery-image elementor-gallery-item__image\" data-thumbnail=\"https:\/\/chorschule-frechen.de\/wp-content\/uploads\/2024\/11\/news6-300x169.jpg\" data-width=\"300\" data-height=\"169\" aria-label=\"\u0412\u0456\u0434\u043a\u0440\u0438\u0442\u0442\u044f \u0448\u043a\u043e\u043b\u0438 02.11.2024\" role=\"img\" ><\/div>\n\t\t\t\t\t\t\t\t\t\t\t<div class=\"elementor-gallery-item__overlay\"><\/div>\n\t\t\t\t\t\t\t\t\t\t\t\t\t\t<\/a>\n\t\t\t\t\t\t\t<a class=\"e-gallery-item elementor-gallery-item elementor-animated-content\" href=\"https:\/\/chorschule-frechen.de\/wp-content\/uploads\/2024\/11\/news7.jpg\" data-elementor-open-lightbox=\"yes\" data-elementor-lightbox-slideshow=\"515134a\" data-elementor-lightbox-title=\"News7\" data-elementor-lightbox-description=\"\u0423 \u0441\u0432\u044f\u0442\u043a\u043e\u0432\u0456\u0439 \u0446\u0435\u0440\u0435\u043c\u043e\u043d\u0456\u0457 \u0432\u0437\u044f\u043b\u0438 \u0443\u0447\u0430\u0441\u0442\u044c \u043c\u0435\u0440 \u043c\u0456\u0441\u0442\u0430 \u0424\u0440\u0435\u0445\u0435\u043d \u0421\u044e\u0437\u0430\u043d\u043d\u0438 \u0421\u0442\u0443\u043f \u0442\u0430 \u0432\u0456\u0434\u043e\u043c\u0438\u0439 \u0433\u0440\u043e\u043c\u0430\u0434\u0441\u044c\u043a\u0438\u0439 \u0434\u0456\u044f\u0447 \u0419\u043e\u0445\u0430\u043d\u043d\u0435\u0441 \u041f\u0430\u0443\u043b\u044c.\" data-e-action-hash=\"#elementor-action%3Aaction%3Dlightbox%26settings%3DeyJpZCI6NTY5MSwidXJsIjoiaHR0cHM6XC9cL2Nob3JzY2h1bGUtZnJlY2hlbi5kZVwvd3AtY29udGVudFwvdXBsb2Fkc1wvMjAyNFwvMTFcL25ld3M3LmpwZyIsInNsaWRlc2hvdyI6IjUxNTEzNGEifQ%3D%3D\">\n\t\t\t\t\t<div class=\"e-gallery-image elementor-gallery-item__image\" data-thumbnail=\"https:\/\/chorschule-frechen.de\/wp-content\/uploads\/2024\/11\/news7-300x169.jpg\" data-width=\"300\" data-height=\"169\" aria-label=\"\u0412\u0456\u0434\u043a\u0440\u0438\u0442\u0442\u044f \u0448\u043a\u043e\u043b\u0438 02.11.2024\" role=\"img\" ><\/div>\n\t\t\t\t\t\t\t\t\t\t\t<div class=\"elementor-gallery-item__overlay\"><\/div>\n\t\t\t\t\t\t\t\t\t\t\t\t\t\t<\/a>\n\t\t\t\t\t\t\t<a class=\"e-gallery-item elementor-gallery-item elementor-animated-content\" href=\"https:\/\/chorschule-frechen.de\/wp-content\/uploads\/2024\/11\/news8.jpg\" data-elementor-open-lightbox=\"yes\" data-elementor-lightbox-slideshow=\"515134a\" data-elementor-lightbox-title=\"News8\" data-elementor-lightbox-description=\"\u0423 \u0441\u0432\u044f\u0442\u043a\u043e\u0432\u0456\u0439 \u0446\u0435\u0440\u0435\u043c\u043e\u043d\u0456\u0457 \u0432\u0437\u044f\u043b\u0438 \u0443\u0447\u0430\u0441\u0442\u044c \u043c\u0435\u0440 \u043c\u0456\u0441\u0442\u0430 \u0424\u0440\u0435\u0445\u0435\u043d \u0421\u044e\u0437\u0430\u043d\u043d\u0438 \u0421\u0442\u0443\u043f \u0442\u0430 \u0432\u0456\u0434\u043e\u043c\u0438\u0439 \u0433\u0440\u043e\u043c\u0430\u0434\u0441\u044c\u043a\u0438\u0439 \u0434\u0456\u044f\u0447 \u0419\u043e\u0445\u0430\u043d\u043d\u0435\u0441 \u041f\u0430\u0443\u043b\u044c.\" data-e-action-hash=\"#elementor-action%3Aaction%3Dlightbox%26settings%3DeyJpZCI6NTY5MiwidXJsIjoiaHR0cHM6XC9cL2Nob3JzY2h1bGUtZnJlY2hlbi5kZVwvd3AtY29udGVudFwvdXBsb2Fkc1wvMjAyNFwvMTFcL25ld3M4LmpwZyIsInNsaWRlc2hvdyI6IjUxNTEzNGEifQ%3D%3D\">\n\t\t\t\t\t<div class=\"e-gallery-image elementor-gallery-item__image\" data-thumbnail=\"https:\/\/chorschule-frechen.de\/wp-content\/uploads\/2024\/11\/news8-300x169.jpg\" data-width=\"300\" data-height=\"169\" aria-label=\"\u0412\u0456\u0434\u043a\u0440\u0438\u0442\u0442\u044f \u0448\u043a\u043e\u043b\u0438 02.11.2024\" role=\"img\" ><\/div>\n\t\t\t\t\t\t\t\t\t\t\t<div class=\"elementor-gallery-item__overlay\"><\/div>\n\t\t\t\t\t\t\t\t\t\t\t\t\t\t<\/a>\n\t\t\t\t\t<\/div>\n\t\t\t\t\t<\/div>\n\t\t\t\t<\/div>\n\t\t\t\t<div class=\"elementor-element elementor-element-d2899d1 elementor-widget elementor-widget-text-editor\" data-id=\"d2899d1\" data-element_type=\"widget\" data-e-type=\"widget\" data-widget_type=\"text-editor.default\">\n\t\t\t\t<div class=\"elementor-widget-container\">\n\t\t\t\t\t\t\t\t\t<p>Mit Herz und Seele widmet sich Oksana Dondik der Musik. Oksana Dondyk bringt neben ihrer gro\u00dfen Professionalit\u00e4t vor allem eines mit: ihre Liebe und Leidenschaft, Menschen in die Welt der Musik zu f\u00fchren und ihnen die Vielfalt und Sch\u00f6nheit klassisches Musik beizubringen. <\/p>\n<p>Das Programm richtet sich sowohl an Interessierte, die noch keine Erfahrung mit dem Singen haben, als auch an diejenigen, die bereits in einem Chor gesungen haben und mehr lernen m\u00f6chten.<\/p>\n<p>Die Ziele f\u00fcr die Ch\u00f6re sind klar definiert. Neben einer gezielten individuellen F\u00f6rderung jedes Mitgliedes, ob Kind, Jugendliche oder Erwachsene, werden die Ch\u00f6re auch gro\u00dfe Konzerte geben, an Workshops und Chorwettbewerben sowie Festivals teilnehmen.<\/p>\n<p>F\u00fcr Menschen, die sich neben dem Chorgesang auch f\u00fcr Sologesang oder das Dirigieren interessieren, bietet Oksana Dondyk entsprechende Einzelkurse an. Diese gibt es freilich auch als individuellen Gesangsunterricht. <\/p>\n<p>Bei der Feierstunde zeigte sich Frechens B\u00fcrgermeisterin Susanne Stupp begeistert: <em>\u201eDie neue Gesangs- und Chorschule ist nicht nur eine kulturelle Bereicherung f\u00fcr unsere Stadt. Sie leistet auch einen wichtigen Beitrag zur musikalischen Bildung und zur St\u00e4rkung unserer Gemeinschaft. In einer Zeit, in der die Welt immer komplexer und un\u00fcbersichtlicher wird, ist es wichtig, Orte zu schaffen, die Menschen zusammenbringen, die Kreativit\u00e4t f\u00f6rdern und Freude am gemeinsamen Tun vermitteln. Und genau das wird diese Chorschule sein: ein Ort der Begegnung, der Freude und der Musik.\u201c<\/em><\/p>\n\t\t\t\t\t\t\t\t<\/div>\n\t\t\t\t<\/div>\n\t\t\t\t<div class=\"elementor-element elementor-element-209f812 elementor-widget elementor-widget-gallery\" data-id=\"209f812\" data-element_type=\"widget\" data-e-type=\"widget\" data-settings=\"{&quot;image_hover_animation&quot;:&quot;grow&quot;,&quot;gallery_layout&quot;:&quot;justified&quot;,&quot;lazyload&quot;:&quot;yes&quot;,&quot;ideal_row_height&quot;:{&quot;unit&quot;:&quot;px&quot;,&quot;size&quot;:200,&quot;sizes&quot;:[]},&quot;ideal_row_height_tablet&quot;:{&quot;unit&quot;:&quot;px&quot;,&quot;size&quot;:150,&quot;sizes&quot;:[]},&quot;ideal_row_height_mobile&quot;:{&quot;unit&quot;:&quot;px&quot;,&quot;size&quot;:150,&quot;sizes&quot;:[]},&quot;gap&quot;:{&quot;unit&quot;:&quot;px&quot;,&quot;size&quot;:10,&quot;sizes&quot;:[]},&quot;gap_tablet&quot;:{&quot;unit&quot;:&quot;px&quot;,&quot;size&quot;:10,&quot;sizes&quot;:[]},&quot;gap_mobile&quot;:{&quot;unit&quot;:&quot;px&quot;,&quot;size&quot;:10,&quot;sizes&quot;:[]},&quot;link_to&quot;:&quot;file&quot;,&quot;overlay_background&quot;:&quot;yes&quot;,&quot;content_hover_animation&quot;:&quot;fade-in&quot;}\" data-widget_type=\"gallery.default\">\n\t\t\t\t<div class=\"elementor-widget-container\">\n\t\t\t\t\t\t\t<div class=\"elementor-gallery__container\">\n\t\t\t\t\t\t\t<a class=\"e-gallery-item elementor-gallery-item elementor-animated-content\" href=\"https:\/\/chorschule-frechen.de\/wp-content\/uploads\/2024\/11\/news9-scaled.jpg\" data-elementor-open-lightbox=\"yes\" data-elementor-lightbox-slideshow=\"209f812\" data-elementor-lightbox-title=\"Gesangs- und Chorschule Oksana Dondyk\" data-elementor-lightbox-description=\"Gesangs- und Chorschule\nOksana Dondyk\" data-e-action-hash=\"#elementor-action%3Aaction%3Dlightbox%26settings%3DeyJpZCI6NTY5MywidXJsIjoiaHR0cHM6XC9cL2Nob3JzY2h1bGUtZnJlY2hlbi5kZVwvd3AtY29udGVudFwvdXBsb2Fkc1wvMjAyNFwvMTFcL25ld3M5LXNjYWxlZC5qcGciLCJzbGlkZXNob3ciOiIyMDlmODEyIn0%3D\">\n\t\t\t\t\t<div class=\"e-gallery-image elementor-gallery-item__image\" data-thumbnail=\"https:\/\/chorschule-frechen.de\/wp-content\/uploads\/2024\/11\/news9-300x200.jpg\" data-width=\"300\" data-height=\"200\" aria-label=\"Gesangs- und Chorschule Oksana Dondyk\" role=\"img\" ><\/div>\n\t\t\t\t\t\t\t\t\t\t\t<div class=\"elementor-gallery-item__overlay\"><\/div>\n\t\t\t\t\t\t\t\t\t\t\t\t\t\t<\/a>\n\t\t\t\t\t\t\t<a class=\"e-gallery-item elementor-gallery-item elementor-animated-content\" href=\"https:\/\/chorschule-frechen.de\/wp-content\/uploads\/2024\/11\/news10.jpg\" data-elementor-open-lightbox=\"yes\" data-elementor-lightbox-slideshow=\"209f812\" data-elementor-lightbox-title=\"Unterricht f\u00fcr Dirigat\" data-elementor-lightbox-description=\"Unterricht f\u00fcr Dirigat\" data-e-action-hash=\"#elementor-action%3Aaction%3Dlightbox%26settings%3DeyJpZCI6NTY5NCwidXJsIjoiaHR0cHM6XC9cL2Nob3JzY2h1bGUtZnJlY2hlbi5kZVwvd3AtY29udGVudFwvdXBsb2Fkc1wvMjAyNFwvMTFcL25ld3MxMC5qcGciLCJzbGlkZXNob3ciOiIyMDlmODEyIn0%3D\">\n\t\t\t\t\t<div class=\"e-gallery-image elementor-gallery-item__image\" data-thumbnail=\"https:\/\/chorschule-frechen.de\/wp-content\/uploads\/2024\/11\/news10-300x169.jpg\" data-width=\"300\" data-height=\"169\" aria-label=\"Unterricht f\u00fcr Dirigat\" role=\"img\" ><\/div>\n\t\t\t\t\t\t\t\t\t\t\t<div class=\"elementor-gallery-item__overlay\"><\/div>\n\t\t\t\t\t\t\t\t\t\t\t\t\t\t<\/a>\n\t\t\t\t\t\t\t<a class=\"e-gallery-item elementor-gallery-item elementor-animated-content\" href=\"https:\/\/chorschule-frechen.de\/wp-content\/uploads\/2024\/11\/news11.jpg\" data-elementor-open-lightbox=\"yes\" data-elementor-lightbox-slideshow=\"209f812\" data-elementor-lightbox-title=\"News11\" data-elementor-lightbox-description=\"\u0423 \u0441\u0432\u044f\u0442\u043a\u043e\u0432\u0456\u0439 \u0446\u0435\u0440\u0435\u043c\u043e\u043d\u0456\u0457 \u0432\u0437\u044f\u043b\u0438 \u0443\u0447\u0430\u0441\u0442\u044c \u043c\u0435\u0440 \u043c\u0456\u0441\u0442\u0430 \u0424\u0440\u0435\u0445\u0435\u043d \u0421\u044e\u0437\u0430\u043d\u043d\u0438 \u0421\u0442\u0443\u043f \u0442\u0430 \u0432\u0456\u0434\u043e\u043c\u0438\u0439 \u0433\u0440\u043e\u043c\u0430\u0434\u0441\u044c\u043a\u0438\u0439 \u0434\u0456\u044f\u0447 \u0419\u043e\u0445\u0430\u043d\u043d\u0435\u0441 \u041f\u0430\u0443\u043b\u044c.\" data-e-action-hash=\"#elementor-action%3Aaction%3Dlightbox%26settings%3DeyJpZCI6NTY5NSwidXJsIjoiaHR0cHM6XC9cL2Nob3JzY2h1bGUtZnJlY2hlbi5kZVwvd3AtY29udGVudFwvdXBsb2Fkc1wvMjAyNFwvMTFcL25ld3MxMS5qcGciLCJzbGlkZXNob3ciOiIyMDlmODEyIn0%3D\">\n\t\t\t\t\t<div class=\"e-gallery-image elementor-gallery-item__image\" data-thumbnail=\"https:\/\/chorschule-frechen.de\/wp-content\/uploads\/2024\/11\/news11-300x169.jpg\" data-width=\"300\" data-height=\"169\" aria-label=\"\u0412\u0456\u0434\u043a\u0440\u0438\u0442\u0442\u044f \u0448\u043a\u043e\u043b\u0438 02.11.2024\" role=\"img\" ><\/div>\n\t\t\t\t\t\t\t\t\t\t\t<div class=\"elementor-gallery-item__overlay\"><\/div>\n\t\t\t\t\t\t\t\t\t\t\t\t\t\t<\/a>\n\t\t\t\t\t\t\t<a class=\"e-gallery-item elementor-gallery-item elementor-animated-content\" href=\"https:\/\/chorschule-frechen.de\/wp-content\/uploads\/2024\/11\/news12.jpg\" data-elementor-open-lightbox=\"yes\" data-elementor-lightbox-slideshow=\"209f812\" data-elementor-lightbox-title=\"News12\" data-e-action-hash=\"#elementor-action%3Aaction%3Dlightbox%26settings%3DeyJpZCI6NTY5NiwidXJsIjoiaHR0cHM6XC9cL2Nob3JzY2h1bGUtZnJlY2hlbi5kZVwvd3AtY29udGVudFwvdXBsb2Fkc1wvMjAyNFwvMTFcL25ld3MxMi5qcGciLCJzbGlkZXNob3ciOiIyMDlmODEyIn0%3D\">\n\t\t\t\t\t<div class=\"e-gallery-image elementor-gallery-item__image\" data-thumbnail=\"https:\/\/chorschule-frechen.de\/wp-content\/uploads\/2024\/11\/news12-300x169.jpg\" data-width=\"300\" data-height=\"169\" aria-label=\"\" role=\"img\" ><\/div>\n\t\t\t\t\t\t\t\t\t\t\t<div class=\"elementor-gallery-item__overlay\"><\/div>\n\t\t\t\t\t\t\t\t\t\t\t\t\t\t<\/a>\n\t\t\t\t\t<\/div>\n\t\t\t\t\t<\/div>\n\t\t\t\t<\/div>\n\t\t\t\t<\/div>\n\t\t\t\t\t<\/div>\n\t\t\t\t<\/div>\n\t\t\t\t<\/div>\n\t\t","protected":false},"excerpt":{"rendered":"<p>An der feierlichen Zeremonie nahmen die Frechener B\u00fcrgermeisterin Susanne Stup und der bekannte Kulturaktivist Johannes.<\/p>\n","protected":false},"author":2,"featured_media":5685,"comment_status":"closed","ping_status":"closed","sticky":false,"template":"","format":"standard","meta":{"footnotes":""},"categories":[8],"tags":[],"class_list":["post-5995","post","type-post","status-publish","format-standard","has-post-thumbnail","hentry","category-neuigkeiten"],"yoast_head":"<!-- This site is optimized with the Yoast SEO plugin v27.5 - https:\/\/yoast.com\/product\/yoast-seo-wordpress\/ -->\n<title>Die feierliche Er\u00f6ffnung der Gesangs- und Chorschule fand statt<\/title>\n<meta name=\"description\" content=\"An der feierlichen Zeremonie nahmen die Frechener B\u00fcrgermeisterin Susanne Stup und der bekannte Kulturaktivist Johannes.\" \/>\n<meta name=\"robots\" content=\"index, follow, max-snippet:-1, max-image-preview:large, max-video-preview:-1\" \/>\n<link rel=\"canonical\" href=\"https:\/\/chorschule-frechen.de\/de\/die-feierliche-eroeffnung-der-gesangs-und-chorschule-fand-statt\/\" \/>\n<meta property=\"og:locale\" content=\"de_DE\" \/>\n<meta property=\"og:type\" content=\"article\" \/>\n<meta property=\"og:title\" content=\"Die feierliche Er\u00f6ffnung der Gesangs- und Chorschule fand statt\" \/>\n<meta property=\"og:description\" content=\"An der feierlichen Zeremonie nahmen die Frechener B\u00fcrgermeisterin Susanne Stup und der bekannte Kulturaktivist Johannes.\" \/>\n<meta property=\"og:url\" content=\"https:\/\/chorschule-frechen.de\/de\/die-feierliche-eroeffnung-der-gesangs-und-chorschule-fand-statt\/\" \/>\n<meta property=\"og:site_name\" content=\"\u0412\u043e\u043a\u0430\u043b\u044c\u043d\u043e-\u0445\u043e\u0440\u043e\u0432\u0430 \u0448\u043a\u043e\u043b\u0430 \u041e\u043a\u0441\u0430\u043d\u0438 \u0414\u043e\u043d\u0434\u0438\u043a\" \/>\n<meta property=\"article:published_time\" content=\"2024-11-02T20:23:20+00:00\" \/>\n<meta property=\"article:modified_time\" content=\"2025-01-15T21:06:06+00:00\" \/>\n<meta property=\"og:image\" content=\"https:\/\/chorschule-frechen.de\/wp-content\/uploads\/2024\/10\/vidkryttya.jpg\" \/>\n\t<meta property=\"og:image:width\" content=\"1920\" \/>\n\t<meta property=\"og:image:height\" content=\"1080\" \/>\n\t<meta property=\"og:image:type\" content=\"image\/jpeg\" \/>\n<meta name=\"author\" content=\"Olena\" \/>\n<meta name=\"twitter:card\" content=\"summary_large_image\" \/>\n<meta name=\"twitter:label1\" content=\"Verfasst von\" \/>\n\t<meta name=\"twitter:data1\" content=\"Olena\" \/>\n\t<meta name=\"twitter:label2\" content=\"Gesch\u00e4tzte Lesezeit\" \/>\n\t<meta name=\"twitter:data2\" content=\"3\u00a0Minuten\" \/>\n<script type=\"application\/ld+json\" class=\"yoast-schema-graph\">{\"@context\":\"https:\\\/\\\/schema.org\",\"@graph\":[{\"@type\":\"Article\",\"@id\":\"https:\\\/\\\/chorschule-frechen.de\\\/de\\\/die-feierliche-eroeffnung-der-gesangs-und-chorschule-fand-statt\\\/#article\",\"isPartOf\":{\"@id\":\"https:\\\/\\\/chorschule-frechen.de\\\/de\\\/die-feierliche-eroeffnung-der-gesangs-und-chorschule-fand-statt\\\/\"},\"author\":{\"name\":\"Olena\",\"@id\":\"https:\\\/\\\/chorschule-frechen.de\\\/de\\\/#\\\/schema\\\/person\\\/c63412e9998b8648500195717e9a8bf9\"},\"headline\":\"Die feierliche Er\u00f6ffnung der Gesangs- und Chorschule fand statt\",\"datePublished\":\"2024-11-02T20:23:20+00:00\",\"dateModified\":\"2025-01-15T21:06:06+00:00\",\"mainEntityOfPage\":{\"@id\":\"https:\\\/\\\/chorschule-frechen.de\\\/de\\\/die-feierliche-eroeffnung-der-gesangs-und-chorschule-fand-statt\\\/\"},\"wordCount\":537,\"publisher\":{\"@id\":\"https:\\\/\\\/chorschule-frechen.de\\\/de\\\/#organization\"},\"image\":{\"@id\":\"https:\\\/\\\/chorschule-frechen.de\\\/de\\\/die-feierliche-eroeffnung-der-gesangs-und-chorschule-fand-statt\\\/#primaryimage\"},\"thumbnailUrl\":\"https:\\\/\\\/chorschule-frechen.de\\\/wp-content\\\/uploads\\\/2024\\\/10\\\/vidkryttya.jpg\",\"articleSection\":[\"Neuigkeiten\"],\"inLanguage\":\"de\"},{\"@type\":\"WebPage\",\"@id\":\"https:\\\/\\\/chorschule-frechen.de\\\/de\\\/die-feierliche-eroeffnung-der-gesangs-und-chorschule-fand-statt\\\/\",\"url\":\"https:\\\/\\\/chorschule-frechen.de\\\/de\\\/die-feierliche-eroeffnung-der-gesangs-und-chorschule-fand-statt\\\/\",\"name\":\"Die feierliche Er\u00f6ffnung der Gesangs- und Chorschule fand statt\",\"isPartOf\":{\"@id\":\"https:\\\/\\\/chorschule-frechen.de\\\/de\\\/#website\"},\"primaryImageOfPage\":{\"@id\":\"https:\\\/\\\/chorschule-frechen.de\\\/de\\\/die-feierliche-eroeffnung-der-gesangs-und-chorschule-fand-statt\\\/#primaryimage\"},\"image\":{\"@id\":\"https:\\\/\\\/chorschule-frechen.de\\\/de\\\/die-feierliche-eroeffnung-der-gesangs-und-chorschule-fand-statt\\\/#primaryimage\"},\"thumbnailUrl\":\"https:\\\/\\\/chorschule-frechen.de\\\/wp-content\\\/uploads\\\/2024\\\/10\\\/vidkryttya.jpg\",\"datePublished\":\"2024-11-02T20:23:20+00:00\",\"dateModified\":\"2025-01-15T21:06:06+00:00\",\"description\":\"An der feierlichen Zeremonie nahmen die Frechener B\u00fcrgermeisterin Susanne Stup und der bekannte Kulturaktivist Johannes.\",\"breadcrumb\":{\"@id\":\"https:\\\/\\\/chorschule-frechen.de\\\/de\\\/die-feierliche-eroeffnung-der-gesangs-und-chorschule-fand-statt\\\/#breadcrumb\"},\"inLanguage\":\"de\",\"potentialAction\":[{\"@type\":\"ReadAction\",\"target\":[\"https:\\\/\\\/chorschule-frechen.de\\\/de\\\/die-feierliche-eroeffnung-der-gesangs-und-chorschule-fand-statt\\\/\"]}]},{\"@type\":\"ImageObject\",\"inLanguage\":\"de\",\"@id\":\"https:\\\/\\\/chorschule-frechen.de\\\/de\\\/die-feierliche-eroeffnung-der-gesangs-und-chorschule-fand-statt\\\/#primaryimage\",\"url\":\"https:\\\/\\\/chorschule-frechen.de\\\/wp-content\\\/uploads\\\/2024\\\/10\\\/vidkryttya.jpg\",\"contentUrl\":\"https:\\\/\\\/chorschule-frechen.de\\\/wp-content\\\/uploads\\\/2024\\\/10\\\/vidkryttya.jpg\",\"width\":1920,\"height\":1080,\"caption\":\"\u0412\u0456\u0434\u043a\u0440\u0438\u0442\u0442\u044f \u0448\u043a\u043e\u043b\u0438\"},{\"@type\":\"BreadcrumbList\",\"@id\":\"https:\\\/\\\/chorschule-frechen.de\\\/de\\\/die-feierliche-eroeffnung-der-gesangs-und-chorschule-fand-statt\\\/#breadcrumb\",\"itemListElement\":[{\"@type\":\"ListItem\",\"position\":1,\"name\":\"\u0413\u043e\u043b\u043e\u0432\u043d\u0430\",\"item\":\"https:\\\/\\\/chorschule-frechen.de\\\/de\\\/hauptseite\\\/\"},{\"@type\":\"ListItem\",\"position\":2,\"name\":\"Die feierliche Er\u00f6ffnung der Gesangs- und Chorschule fand statt\"}]},{\"@type\":\"WebSite\",\"@id\":\"https:\\\/\\\/chorschule-frechen.de\\\/de\\\/#website\",\"url\":\"https:\\\/\\\/chorschule-frechen.de\\\/de\\\/\",\"name\":\"\u0412\u043e\u043a\u0430\u043b\u044c\u043d\u043e-\u0445\u043e\u0440\u043e\u0432\u0430 \u0448\u043a\u043e\u043b\u0430 \u041e\u043a\u0441\u0430\u043d\u0438 \u0414\u043e\u043d\u0434\u0438\u043a\",\"description\":\"\u0412\u043e\u043a\u0430\u043b\u044c\u043d\u043e-\u0445\u043e\u0440\u043e\u0432\u0430 \u0448\u043a\u043e\u043b\u0430 \u041e\u043a\u0441\u0430\u043d\u0438 \u0414\u043e\u043d\u0434\u0438\u043a\",\"publisher\":{\"@id\":\"https:\\\/\\\/chorschule-frechen.de\\\/de\\\/#organization\"},\"potentialAction\":[{\"@type\":\"SearchAction\",\"target\":{\"@type\":\"EntryPoint\",\"urlTemplate\":\"https:\\\/\\\/chorschule-frechen.de\\\/de\\\/?s={search_term_string}\"},\"query-input\":{\"@type\":\"PropertyValueSpecification\",\"valueRequired\":true,\"valueName\":\"search_term_string\"}}],\"inLanguage\":\"de\"},{\"@type\":\"Organization\",\"@id\":\"https:\\\/\\\/chorschule-frechen.de\\\/de\\\/#organization\",\"name\":\"\u0412\u043e\u043a\u0430\u043b\u044c\u043d\u043e-\u0445\u043e\u0440\u043e\u0432\u0430 \u0448\u043a\u043e\u043b\u0430 \u041e\u043a\u0441\u0430\u043d\u0438 \u0414\u043e\u043d\u0434\u0438\u043a\",\"url\":\"https:\\\/\\\/chorschule-frechen.de\\\/de\\\/\",\"logo\":{\"@type\":\"ImageObject\",\"inLanguage\":\"de\",\"@id\":\"https:\\\/\\\/chorschule-frechen.de\\\/de\\\/#\\\/schema\\\/logo\\\/image\\\/\",\"url\":\"https:\\\/\\\/chorschule-frechen.de\\\/wp-content\\\/uploads\\\/2024\\\/09\\\/\u041c\u043e\u043d\u0442\u0430\u0436\u043d\u0430\u044f-\u043e\u0431\u043b\u0430\u0441\u0442\u044c-1-e1727349916239.png\",\"contentUrl\":\"https:\\\/\\\/chorschule-frechen.de\\\/wp-content\\\/uploads\\\/2024\\\/09\\\/\u041c\u043e\u043d\u0442\u0430\u0436\u043d\u0430\u044f-\u043e\u0431\u043b\u0430\u0441\u0442\u044c-1-e1727349916239.png\",\"width\":597,\"height\":502,\"caption\":\"\u0412\u043e\u043a\u0430\u043b\u044c\u043d\u043e-\u0445\u043e\u0440\u043e\u0432\u0430 \u0448\u043a\u043e\u043b\u0430 \u041e\u043a\u0441\u0430\u043d\u0438 \u0414\u043e\u043d\u0434\u0438\u043a\"},\"image\":{\"@id\":\"https:\\\/\\\/chorschule-frechen.de\\\/de\\\/#\\\/schema\\\/logo\\\/image\\\/\"}},{\"@type\":\"Person\",\"@id\":\"https:\\\/\\\/chorschule-frechen.de\\\/de\\\/#\\\/schema\\\/person\\\/c63412e9998b8648500195717e9a8bf9\",\"name\":\"Olena\",\"image\":{\"@type\":\"ImageObject\",\"inLanguage\":\"de\",\"@id\":\"https:\\\/\\\/secure.gravatar.com\\\/avatar\\\/c2fed41263a105fbf23df6143b9e0b88817445af0f333775e0e6535970fee31e?s=96&d=mm&r=g\",\"url\":\"https:\\\/\\\/secure.gravatar.com\\\/avatar\\\/c2fed41263a105fbf23df6143b9e0b88817445af0f333775e0e6535970fee31e?s=96&d=mm&r=g\",\"contentUrl\":\"https:\\\/\\\/secure.gravatar.com\\\/avatar\\\/c2fed41263a105fbf23df6143b9e0b88817445af0f333775e0e6535970fee31e?s=96&d=mm&r=g\",\"caption\":\"Olena\"},\"sameAs\":[\"https:\\\/\\\/web-kontora.ua\"],\"url\":\"https:\\\/\\\/chorschule-frechen.de\\\/de\\\/author\\\/snake\\\/\"}]}<\/script>\n<!-- \/ Yoast SEO plugin. -->","yoast_head_json":{"title":"Die feierliche Er\u00f6ffnung der Gesangs- und Chorschule fand statt","description":"An der feierlichen Zeremonie nahmen die Frechener B\u00fcrgermeisterin Susanne Stup und der bekannte Kulturaktivist Johannes.","robots":{"index":"index","follow":"follow","max-snippet":"max-snippet:-1","max-image-preview":"max-image-preview:large","max-video-preview":"max-video-preview:-1"},"canonical":"https:\/\/chorschule-frechen.de\/de\/die-feierliche-eroeffnung-der-gesangs-und-chorschule-fand-statt\/","og_locale":"de_DE","og_type":"article","og_title":"Die feierliche Er\u00f6ffnung der Gesangs- und Chorschule fand statt","og_description":"An der feierlichen Zeremonie nahmen die Frechener B\u00fcrgermeisterin Susanne Stup und der bekannte Kulturaktivist Johannes.","og_url":"https:\/\/chorschule-frechen.de\/de\/die-feierliche-eroeffnung-der-gesangs-und-chorschule-fand-statt\/","og_site_name":"\u0412\u043e\u043a\u0430\u043b\u044c\u043d\u043e-\u0445\u043e\u0440\u043e\u0432\u0430 \u0448\u043a\u043e\u043b\u0430 \u041e\u043a\u0441\u0430\u043d\u0438 \u0414\u043e\u043d\u0434\u0438\u043a","article_published_time":"2024-11-02T20:23:20+00:00","article_modified_time":"2025-01-15T21:06:06+00:00","og_image":[{"width":1920,"height":1080,"url":"https:\/\/chorschule-frechen.de\/wp-content\/uploads\/2024\/10\/vidkryttya.jpg","type":"image\/jpeg"}],"author":"Olena","twitter_card":"summary_large_image","twitter_misc":{"Verfasst von":"Olena","Gesch\u00e4tzte Lesezeit":"3\u00a0Minuten"},"schema":{"@context":"https:\/\/schema.org","@graph":[{"@type":"Article","@id":"https:\/\/chorschule-frechen.de\/de\/die-feierliche-eroeffnung-der-gesangs-und-chorschule-fand-statt\/#article","isPartOf":{"@id":"https:\/\/chorschule-frechen.de\/de\/die-feierliche-eroeffnung-der-gesangs-und-chorschule-fand-statt\/"},"author":{"name":"Olena","@id":"https:\/\/chorschule-frechen.de\/de\/#\/schema\/person\/c63412e9998b8648500195717e9a8bf9"},"headline":"Die feierliche Er\u00f6ffnung der Gesangs- und Chorschule fand statt","datePublished":"2024-11-02T20:23:20+00:00","dateModified":"2025-01-15T21:06:06+00:00","mainEntityOfPage":{"@id":"https:\/\/chorschule-frechen.de\/de\/die-feierliche-eroeffnung-der-gesangs-und-chorschule-fand-statt\/"},"wordCount":537,"publisher":{"@id":"https:\/\/chorschule-frechen.de\/de\/#organization"},"image":{"@id":"https:\/\/chorschule-frechen.de\/de\/die-feierliche-eroeffnung-der-gesangs-und-chorschule-fand-statt\/#primaryimage"},"thumbnailUrl":"https:\/\/chorschule-frechen.de\/wp-content\/uploads\/2024\/10\/vidkryttya.jpg","articleSection":["Neuigkeiten"],"inLanguage":"de"},{"@type":"WebPage","@id":"https:\/\/chorschule-frechen.de\/de\/die-feierliche-eroeffnung-der-gesangs-und-chorschule-fand-statt\/","url":"https:\/\/chorschule-frechen.de\/de\/die-feierliche-eroeffnung-der-gesangs-und-chorschule-fand-statt\/","name":"Die feierliche Er\u00f6ffnung der Gesangs- und Chorschule fand statt","isPartOf":{"@id":"https:\/\/chorschule-frechen.de\/de\/#website"},"primaryImageOfPage":{"@id":"https:\/\/chorschule-frechen.de\/de\/die-feierliche-eroeffnung-der-gesangs-und-chorschule-fand-statt\/#primaryimage"},"image":{"@id":"https:\/\/chorschule-frechen.de\/de\/die-feierliche-eroeffnung-der-gesangs-und-chorschule-fand-statt\/#primaryimage"},"thumbnailUrl":"https:\/\/chorschule-frechen.de\/wp-content\/uploads\/2024\/10\/vidkryttya.jpg","datePublished":"2024-11-02T20:23:20+00:00","dateModified":"2025-01-15T21:06:06+00:00","description":"An der feierlichen Zeremonie nahmen die Frechener B\u00fcrgermeisterin Susanne Stup und der bekannte Kulturaktivist Johannes.","breadcrumb":{"@id":"https:\/\/chorschule-frechen.de\/de\/die-feierliche-eroeffnung-der-gesangs-und-chorschule-fand-statt\/#breadcrumb"},"inLanguage":"de","potentialAction":[{"@type":"ReadAction","target":["https:\/\/chorschule-frechen.de\/de\/die-feierliche-eroeffnung-der-gesangs-und-chorschule-fand-statt\/"]}]},{"@type":"ImageObject","inLanguage":"de","@id":"https:\/\/chorschule-frechen.de\/de\/die-feierliche-eroeffnung-der-gesangs-und-chorschule-fand-statt\/#primaryimage","url":"https:\/\/chorschule-frechen.de\/wp-content\/uploads\/2024\/10\/vidkryttya.jpg","contentUrl":"https:\/\/chorschule-frechen.de\/wp-content\/uploads\/2024\/10\/vidkryttya.jpg","width":1920,"height":1080,"caption":"\u0412\u0456\u0434\u043a\u0440\u0438\u0442\u0442\u044f \u0448\u043a\u043e\u043b\u0438"},{"@type":"BreadcrumbList","@id":"https:\/\/chorschule-frechen.de\/de\/die-feierliche-eroeffnung-der-gesangs-und-chorschule-fand-statt\/#breadcrumb","itemListElement":[{"@type":"ListItem","position":1,"name":"\u0413\u043e\u043b\u043e\u0432\u043d\u0430","item":"https:\/\/chorschule-frechen.de\/de\/hauptseite\/"},{"@type":"ListItem","position":2,"name":"Die feierliche Er\u00f6ffnung der Gesangs- und Chorschule fand statt"}]},{"@type":"WebSite","@id":"https:\/\/chorschule-frechen.de\/de\/#website","url":"https:\/\/chorschule-frechen.de\/de\/","name":"\u0412\u043e\u043a\u0430\u043b\u044c\u043d\u043e-\u0445\u043e\u0440\u043e\u0432\u0430 \u0448\u043a\u043e\u043b\u0430 \u041e\u043a\u0441\u0430\u043d\u0438 \u0414\u043e\u043d\u0434\u0438\u043a","description":"\u0412\u043e\u043a\u0430\u043b\u044c\u043d\u043e-\u0445\u043e\u0440\u043e\u0432\u0430 \u0448\u043a\u043e\u043b\u0430 \u041e\u043a\u0441\u0430\u043d\u0438 \u0414\u043e\u043d\u0434\u0438\u043a","publisher":{"@id":"https:\/\/chorschule-frechen.de\/de\/#organization"},"potentialAction":[{"@type":"SearchAction","target":{"@type":"EntryPoint","urlTemplate":"https:\/\/chorschule-frechen.de\/de\/?s={search_term_string}"},"query-input":{"@type":"PropertyValueSpecification","valueRequired":true,"valueName":"search_term_string"}}],"inLanguage":"de"},{"@type":"Organization","@id":"https:\/\/chorschule-frechen.de\/de\/#organization","name":"\u0412\u043e\u043a\u0430\u043b\u044c\u043d\u043e-\u0445\u043e\u0440\u043e\u0432\u0430 \u0448\u043a\u043e\u043b\u0430 \u041e\u043a\u0441\u0430\u043d\u0438 \u0414\u043e\u043d\u0434\u0438\u043a","url":"https:\/\/chorschule-frechen.de\/de\/","logo":{"@type":"ImageObject","inLanguage":"de","@id":"https:\/\/chorschule-frechen.de\/de\/#\/schema\/logo\/image\/","url":"https:\/\/chorschule-frechen.de\/wp-content\/uploads\/2024\/09\/\u041c\u043e\u043d\u0442\u0430\u0436\u043d\u0430\u044f-\u043e\u0431\u043b\u0430\u0441\u0442\u044c-1-e1727349916239.png","contentUrl":"https:\/\/chorschule-frechen.de\/wp-content\/uploads\/2024\/09\/\u041c\u043e\u043d\u0442\u0430\u0436\u043d\u0430\u044f-\u043e\u0431\u043b\u0430\u0441\u0442\u044c-1-e1727349916239.png","width":597,"height":502,"caption":"\u0412\u043e\u043a\u0430\u043b\u044c\u043d\u043e-\u0445\u043e\u0440\u043e\u0432\u0430 \u0448\u043a\u043e\u043b\u0430 \u041e\u043a\u0441\u0430\u043d\u0438 \u0414\u043e\u043d\u0434\u0438\u043a"},"image":{"@id":"https:\/\/chorschule-frechen.de\/de\/#\/schema\/logo\/image\/"}},{"@type":"Person","@id":"https:\/\/chorschule-frechen.de\/de\/#\/schema\/person\/c63412e9998b8648500195717e9a8bf9","name":"Olena","image":{"@type":"ImageObject","inLanguage":"de","@id":"https:\/\/secure.gravatar.com\/avatar\/c2fed41263a105fbf23df6143b9e0b88817445af0f333775e0e6535970fee31e?s=96&d=mm&r=g","url":"https:\/\/secure.gravatar.com\/avatar\/c2fed41263a105fbf23df6143b9e0b88817445af0f333775e0e6535970fee31e?s=96&d=mm&r=g","contentUrl":"https:\/\/secure.gravatar.com\/avatar\/c2fed41263a105fbf23df6143b9e0b88817445af0f333775e0e6535970fee31e?s=96&d=mm&r=g","caption":"Olena"},"sameAs":["https:\/\/web-kontora.ua"],"url":"https:\/\/chorschule-frechen.de\/de\/author\/snake\/"}]}},"_links":{"self":[{"href":"https:\/\/chorschule-frechen.de\/de\/wp-json\/wp\/v2\/posts\/5995","targetHints":{"allow":["GET"]}}],"collection":[{"href":"https:\/\/chorschule-frechen.de\/de\/wp-json\/wp\/v2\/posts"}],"about":[{"href":"https:\/\/chorschule-frechen.de\/de\/wp-json\/wp\/v2\/types\/post"}],"author":[{"embeddable":true,"href":"https:\/\/chorschule-frechen.de\/de\/wp-json\/wp\/v2\/users\/2"}],"replies":[{"embeddable":true,"href":"https:\/\/chorschule-frechen.de\/de\/wp-json\/wp\/v2\/comments?post=5995"}],"version-history":[{"count":1,"href":"https:\/\/chorschule-frechen.de\/de\/wp-json\/wp\/v2\/posts\/5995\/revisions"}],"predecessor-version":[{"id":5996,"href":"https:\/\/chorschule-frechen.de\/de\/wp-json\/wp\/v2\/posts\/5995\/revisions\/5996"}],"wp:featuredmedia":[{"embeddable":true,"href":"https:\/\/chorschule-frechen.de\/de\/wp-json\/wp\/v2\/media\/5685"}],"wp:attachment":[{"href":"https:\/\/chorschule-frechen.de\/de\/wp-json\/wp\/v2\/media?parent=5995"}],"wp:term":[{"taxonomy":"category","embeddable":true,"href":"https:\/\/chorschule-frechen.de\/de\/wp-json\/wp\/v2\/categories?post=5995"},{"taxonomy":"post_tag","embeddable":true,"href":"https:\/\/chorschule-frechen.de\/de\/wp-json\/wp\/v2\/tags?post=5995"}],"curies":[{"name":"wp","href":"https:\/\/api.w.org\/{rel}","templated":true}]}}